{"id":435,"date":"2015-11-22T19:30:55","date_gmt":"2015-11-22T17:30:55","guid":{"rendered":"http:\/\/www.woassteh.com\/files\/?p=435"},"modified":"2016-06-07T09:48:25","modified_gmt":"2016-06-07T07:48:25","slug":"thomas-stipsits-manuel-rubey","status":"publish","type":"post","link":"https:\/\/www.woassteh.com\/files\/thomas-stipsits-manuel-rubey\/","title":{"rendered":"Thomas Stipsits &#038; Manuel Rubey"},"content":{"rendered":"<p><img loading=\"lazy\" decoding=\"async\" class=\"alignleft wp-image-436 size-full\" src=\"http:\/\/www.woassteh.com\/files\/wp-content\/uploads\/2015\/10\/gottundsoehne.jpg\" alt=\"THOMAS STIPSITS &amp; MANUEL RUBEY\" width=\"555\" height=\"346\" srcset=\"https:\/\/www.woassteh.com\/files\/wp-content\/uploads\/2015\/10\/gottundsoehne.jpg 555w, https:\/\/www.woassteh.com\/files\/wp-content\/uploads\/2015\/10\/gottundsoehne-150x93.jpg 150w, https:\/\/www.woassteh.com\/files\/wp-content\/uploads\/2015\/10\/gottundsoehne-300x187.jpg 300w, https:\/\/www.woassteh.com\/files\/wp-content\/uploads\/2015\/10\/gottundsoehne-332x206.jpg 332w\" sizes=\"auto, (max-width: 555px) 100vw, 555px\" \/><\/p>\n<h2><span style=\"color: #e10916;\">THOMAS STIPSITS &amp; MANUEL RUBEY<\/span><br \/>\n04. 06. 2016<\/h2>\n<p><strong>&#8222;Gott &amp; S\u00f6hne&#8220;, <span style=\"color: #ff0000;\">Kabarett<\/span>, <span style=\"color: #ff0000;\">Tirolpremiere<\/span>, Samstag, 20.00 Uhr,\u00a0 Turnhalle VS Sparchen, Kufstein,<\/strong><strong> Einlass und Wunderliche Gastronomie 19:00 Uhr<br \/>\n<\/strong><\/p>\n<p>&nbsp;<\/p>\n<p><span style=\"color: #ff0000;\"><strong>!!! Achtung !!! Komplett ausverkauft!!!<\/strong><\/span><\/p>\n<p>Zum Gl\u00fcck &#8211; sie tun es wieder! Nachdem sie mit ihrem ersten gemeinsamen Programm \u00bbTriest\u00ab den \u00f6sterreichischen Kabarettpreis 2012 gewonnen haben, sind sie wieder zur\u00fcck. Diesmal im Koffer: \u00bbGott &amp; S\u00f6hne\u00ab. Das macht uns gl\u00fccklich. Apropos: Wie weit w\u00fcrden Sie eigentlich gehen, um gl\u00fccklich zu sein? Das fragen sich Stipsits und Rubey an diesem Abend. Haben sie in ihrer Gier nach Erfolg und Reichtum etwa \u00fcbertrieben? Ihre Seelen an Herrn G\u00f6tz verkauft? Denn Gl\u00fcck geht anders. Pl\u00f6tzlich stellt G\u00f6tz das hoch gelobte Multitasking an den Pranger. Und verlangt Stipsits und Rubey alles ab: Wenn sie sitzen, sollen sie sitzen. Wenn sie stehen, stehen. Doch was machen die beiden stattdessen? Wenn sie sitzen, denken sie schon ans Aufstehen. Wenn sie stehen, denken sie schon ans Gehen. Und wenn sie gehen, denken sie schon an die Tirolpremiere ihres zweiten gemeinsamen Programms bei den Wunderlichen Kulturtagen in Kufstein. Denn dieses Programm haben die beiden anstatt qualmend in geschlossenen R\u00e4umen vorwiegend im Gehen geschrieben. Sagt Rubey.<\/p>\n<p>Regie f\u00fchrt der ebenfalls bekannte Kabarettist Alfred Dorfer (er besucht zwei Monate sp\u00e4ter die Wunderlichen Kulturtage 2016 mit seinem Programm \u00bbBallverlust\u00ab).<\/p>\n<p><a href=\"http:\/\/www.stipsits.com\/gott-soehne\/\" target=\"_blank\">www.stipsits.com\/gott-soehne\/<\/a><\/p>\n<div class=\"shariff shariff-align-flex-start shariff-widget-align-flex-start\" data-services=\"facebook\" data-url=\"https%3A%2F%2Fwww.woassteh.com%2Ffiles%2Fthomas-stipsits-manuel-rubey%2F\" data-timestamp=\"1465292905\" data-backendurl=\"https:\/\/www.woassteh.com\/files\/wp-json\/shariff\/v1\/share_counts?\"><ul class=\"shariff-buttons theme-default orientation-horizontal buttonsize-medium\"><li class=\"shariff-button facebook shariff-nocustomcolor\" style=\"background-color:#4273c8\"><a href=\"https:\/\/www.facebook.com\/sharer\/sharer.php?u=https%3A%2F%2Fwww.woassteh.com%2Ffiles%2Fthomas-stipsits-manuel-rubey%2F\" title=\"Bei Facebook teilen\" aria-label=\"Bei Facebook teilen\" role=\"button\" rel=\"nofollow\" class=\"shariff-link\" style=\"; background-color:#3b5998; color:#fff\" target=\"_blank\"><span class=\"shariff-icon\" style=\"\"><svg width=\"32px\" height=\"20px\" xmlns=\"http:\/\/www.w3.org\/2000\/svg\" viewBox=\"0 0 18 32\"><path fill=\"#3b5998\" d=\"M17.1 0.2v4.7h-2.8q-1.5 0-2.1 0.6t-0.5 1.9v3.4h5.2l-0.7 5.3h-4.5v13.6h-5.5v-13.6h-4.5v-5.3h4.5v-3.9q0-3.3 1.9-5.2t5-1.8q2.6 0 4.1 0.2z\"\/><\/svg><\/span><span class=\"shariff-text\">teilen<\/span>&nbsp;<\/a><\/li><\/ul><\/div>","protected":false},"excerpt":{"rendered":"<p>THOMAS STIPSITS &amp; MANUEL RUBEY 04. 06. 2016 &#8222;Gott &amp; S\u00f6hne&#8220;, Kabarett, Tirolpremiere, Samstag, 20.00 Uhr,\u00a0 Turnhalle VS Sparchen, Kufstein, Einlass und Wunderliche Gastronomie 19:00 Uhr &nbsp; !!! Achtung !!! Komplett ausverkauft!!! Zum Gl\u00fcck &#8211; sie tun es wieder! Nachdem sie mit ihrem ersten gemeinsamen Programm \u00bbTriest\u00ab den \u00f6sterreichischen Kabarettpreis &#8230;<\/p>\n","protected":false},"author":1,"featured_media":437,"comment_status":"closed","ping_status":"open","sticky":false,"template":"","format":"standard","meta":{"footnotes":""},"categories":[1],"tags":[],"class_list":["post-435","post","type-post","status-publish","format-standard","has-post-thumbnail","hentry","category-allgemein","column","threecol","has-thumbnail"],"yoast_head":"<!-- This site is optimized with the Yoast SEO plugin v27.0 - https:\/\/yoast.com\/product\/yoast-seo-wordpress\/ -->\n<title>Thomas Stipsits &amp; Manuel Rubey - Kulturverein Wunderlich, Kufstein, Tirol, Kabarett, Konzerte<\/title>\n<meta name=\"description\" content=\"THOMAS STIPSITS &amp; MANUEL RUBEY mit &quot;Gott &amp; S\u00f6hne&quot; bei den Wunderlichen Kulturtagen in Kufstein, 20.02.2016\" \/>\n<meta name=\"robots\" content=\"index, follow, max-snippet:-1, max-image-preview:large, max-video-preview:-1\" \/>\n<link rel=\"canonical\" href=\"https:\/\/www.woassteh.com\/files\/thomas-stipsits-manuel-rubey\/\" \/>\n<meta name=\"twitter:label1\" content=\"Verfasst von\" \/>\n\t<meta name=\"twitter:data1\" content=\"L\u00f6ffel\" \/>\n\t<meta name=\"twitter:label2\" content=\"Gesch\u00e4tzte Lesezeit\" \/>\n\t<meta name=\"twitter:data2\" content=\"1\u00a0Minute\" \/>\n<script type=\"application\/ld+json\" class=\"yoast-schema-graph\">{\"@context\":\"https:\/\/schema.org\",\"@graph\":[{\"@type\":\"Article\",\"@id\":\"https:\/\/www.woassteh.com\/files\/thomas-stipsits-manuel-rubey\/#article\",\"isPartOf\":{\"@id\":\"https:\/\/www.woassteh.com\/files\/thomas-stipsits-manuel-rubey\/\"},\"author\":{\"name\":\"L\u00f6ffel\",\"@id\":\"https:\/\/www.woassteh.com\/files\/#\/schema\/person\/cb02c7e5a347c23af79cbbaf4b864c1e\"},\"headline\":\"Thomas Stipsits &#038; Manuel Rubey\",\"datePublished\":\"2015-11-22T17:30:55+00:00\",\"dateModified\":\"2016-06-07T07:48:25+00:00\",\"mainEntityOfPage\":{\"@id\":\"https:\/\/www.woassteh.com\/files\/thomas-stipsits-manuel-rubey\/\"},\"wordCount\":228,\"image\":{\"@id\":\"https:\/\/www.woassteh.com\/files\/thomas-stipsits-manuel-rubey\/#primaryimage\"},\"thumbnailUrl\":\"https:\/\/www.woassteh.com\/files\/wp-content\/uploads\/2015\/10\/gottundsoehne-sl.jpg\",\"inLanguage\":\"de\"},{\"@type\":\"WebPage\",\"@id\":\"https:\/\/www.woassteh.com\/files\/thomas-stipsits-manuel-rubey\/\",\"url\":\"https:\/\/www.woassteh.com\/files\/thomas-stipsits-manuel-rubey\/\",\"name\":\"Thomas Stipsits & Manuel Rubey - Kulturverein Wunderlich, Kufstein, Tirol, Kabarett, Konzerte\",\"isPartOf\":{\"@id\":\"https:\/\/www.woassteh.com\/files\/#website\"},\"primaryImageOfPage\":{\"@id\":\"https:\/\/www.woassteh.com\/files\/thomas-stipsits-manuel-rubey\/#primaryimage\"},\"image\":{\"@id\":\"https:\/\/www.woassteh.com\/files\/thomas-stipsits-manuel-rubey\/#primaryimage\"},\"thumbnailUrl\":\"https:\/\/www.woassteh.com\/files\/wp-content\/uploads\/2015\/10\/gottundsoehne-sl.jpg\",\"datePublished\":\"2015-11-22T17:30:55+00:00\",\"dateModified\":\"2016-06-07T07:48:25+00:00\",\"author\":{\"@id\":\"https:\/\/www.woassteh.com\/files\/#\/schema\/person\/cb02c7e5a347c23af79cbbaf4b864c1e\"},\"description\":\"THOMAS STIPSITS & MANUEL RUBEY mit \\\"Gott & S\u00f6hne\\\" bei den Wunderlichen Kulturtagen in Kufstein, 20.02.2016\",\"breadcrumb\":{\"@id\":\"https:\/\/www.woassteh.com\/files\/thomas-stipsits-manuel-rubey\/#breadcrumb\"},\"inLanguage\":\"de\",\"potentialAction\":[{\"@type\":\"ReadAction\",\"target\":[\"https:\/\/www.woassteh.com\/files\/thomas-stipsits-manuel-rubey\/\"]}]},{\"@type\":\"ImageObject\",\"inLanguage\":\"de\",\"@id\":\"https:\/\/www.woassteh.com\/files\/thomas-stipsits-manuel-rubey\/#primaryimage\",\"url\":\"https:\/\/www.woassteh.com\/files\/wp-content\/uploads\/2015\/10\/gottundsoehne-sl.jpg\",\"contentUrl\":\"https:\/\/www.woassteh.com\/files\/wp-content\/uploads\/2015\/10\/gottundsoehne-sl.jpg\",\"width\":1140,\"height\":395},{\"@type\":\"BreadcrumbList\",\"@id\":\"https:\/\/www.woassteh.com\/files\/thomas-stipsits-manuel-rubey\/#breadcrumb\",\"itemListElement\":[{\"@type\":\"ListItem\",\"position\":1,\"name\":\"Home\",\"item\":\"https:\/\/www.woassteh.com\/files\/\"},{\"@type\":\"ListItem\",\"position\":2,\"name\":\"Thomas Stipsits &#038; Manuel Rubey\"}]},{\"@type\":\"WebSite\",\"@id\":\"https:\/\/www.woassteh.com\/files\/#website\",\"url\":\"https:\/\/www.woassteh.com\/files\/\",\"name\":\"Kulturverein Wunderlich\",\"description\":\"\",\"potentialAction\":[{\"@type\":\"SearchAction\",\"target\":{\"@type\":\"EntryPoint\",\"urlTemplate\":\"https:\/\/www.woassteh.com\/files\/?s={search_term_string}\"},\"query-input\":{\"@type\":\"PropertyValueSpecification\",\"valueRequired\":true,\"valueName\":\"search_term_string\"}}],\"inLanguage\":\"de\"},{\"@type\":\"Person\",\"@id\":\"https:\/\/www.woassteh.com\/files\/#\/schema\/person\/cb02c7e5a347c23af79cbbaf4b864c1e\",\"name\":\"L\u00f6ffel\",\"image\":{\"@type\":\"ImageObject\",\"inLanguage\":\"de\",\"@id\":\"https:\/\/www.woassteh.com\/files\/#\/schema\/person\/image\/\",\"url\":\"https:\/\/secure.gravatar.com\/avatar\/5d69d4beb2d34f2551535cef1d4d8f85fe886f604857edf12652772fd8010cfc?s=96&d=mm&r=g\",\"contentUrl\":\"https:\/\/secure.gravatar.com\/avatar\/5d69d4beb2d34f2551535cef1d4d8f85fe886f604857edf12652772fd8010cfc?s=96&d=mm&r=g\",\"caption\":\"L\u00f6ffel\"}}]}<\/script>\n<!-- \/ Yoast SEO plugin. -->","yoast_head_json":{"title":"Thomas Stipsits & Manuel Rubey - Kulturverein Wunderlich, Kufstein, Tirol, Kabarett, Konzerte","description":"THOMAS STIPSITS & MANUEL RUBEY mit \"Gott & S\u00f6hne\" bei den Wunderlichen Kulturtagen in Kufstein, 20.02.2016","robots":{"index":"index","follow":"follow","max-snippet":"max-snippet:-1","max-image-preview":"max-image-preview:large","max-video-preview":"max-video-preview:-1"},"canonical":"https:\/\/www.woassteh.com\/files\/thomas-stipsits-manuel-rubey\/","twitter_misc":{"Verfasst von":"L\u00f6ffel","Gesch\u00e4tzte Lesezeit":"1\u00a0Minute"},"schema":{"@context":"https:\/\/schema.org","@graph":[{"@type":"Article","@id":"https:\/\/www.woassteh.com\/files\/thomas-stipsits-manuel-rubey\/#article","isPartOf":{"@id":"https:\/\/www.woassteh.com\/files\/thomas-stipsits-manuel-rubey\/"},"author":{"name":"L\u00f6ffel","@id":"https:\/\/www.woassteh.com\/files\/#\/schema\/person\/cb02c7e5a347c23af79cbbaf4b864c1e"},"headline":"Thomas Stipsits &#038; Manuel Rubey","datePublished":"2015-11-22T17:30:55+00:00","dateModified":"2016-06-07T07:48:25+00:00","mainEntityOfPage":{"@id":"https:\/\/www.woassteh.com\/files\/thomas-stipsits-manuel-rubey\/"},"wordCount":228,"image":{"@id":"https:\/\/www.woassteh.com\/files\/thomas-stipsits-manuel-rubey\/#primaryimage"},"thumbnailUrl":"https:\/\/www.woassteh.com\/files\/wp-content\/uploads\/2015\/10\/gottundsoehne-sl.jpg","inLanguage":"de"},{"@type":"WebPage","@id":"https:\/\/www.woassteh.com\/files\/thomas-stipsits-manuel-rubey\/","url":"https:\/\/www.woassteh.com\/files\/thomas-stipsits-manuel-rubey\/","name":"Thomas Stipsits & Manuel Rubey - Kulturverein Wunderlich, Kufstein, Tirol, Kabarett, Konzerte","isPartOf":{"@id":"https:\/\/www.woassteh.com\/files\/#website"},"primaryImageOfPage":{"@id":"https:\/\/www.woassteh.com\/files\/thomas-stipsits-manuel-rubey\/#primaryimage"},"image":{"@id":"https:\/\/www.woassteh.com\/files\/thomas-stipsits-manuel-rubey\/#primaryimage"},"thumbnailUrl":"https:\/\/www.woassteh.com\/files\/wp-content\/uploads\/2015\/10\/gottundsoehne-sl.jpg","datePublished":"2015-11-22T17:30:55+00:00","dateModified":"2016-06-07T07:48:25+00:00","author":{"@id":"https:\/\/www.woassteh.com\/files\/#\/schema\/person\/cb02c7e5a347c23af79cbbaf4b864c1e"},"description":"THOMAS STIPSITS & MANUEL RUBEY mit \"Gott & S\u00f6hne\" bei den Wunderlichen Kulturtagen in Kufstein, 20.02.2016","breadcrumb":{"@id":"https:\/\/www.woassteh.com\/files\/thomas-stipsits-manuel-rubey\/#breadcrumb"},"inLanguage":"de","potentialAction":[{"@type":"ReadAction","target":["https:\/\/www.woassteh.com\/files\/thomas-stipsits-manuel-rubey\/"]}]},{"@type":"ImageObject","inLanguage":"de","@id":"https:\/\/www.woassteh.com\/files\/thomas-stipsits-manuel-rubey\/#primaryimage","url":"https:\/\/www.woassteh.com\/files\/wp-content\/uploads\/2015\/10\/gottundsoehne-sl.jpg","contentUrl":"https:\/\/www.woassteh.com\/files\/wp-content\/uploads\/2015\/10\/gottundsoehne-sl.jpg","width":1140,"height":395},{"@type":"BreadcrumbList","@id":"https:\/\/www.woassteh.com\/files\/thomas-stipsits-manuel-rubey\/#breadcrumb","itemListElement":[{"@type":"ListItem","position":1,"name":"Home","item":"https:\/\/www.woassteh.com\/files\/"},{"@type":"ListItem","position":2,"name":"Thomas Stipsits &#038; Manuel Rubey"}]},{"@type":"WebSite","@id":"https:\/\/www.woassteh.com\/files\/#website","url":"https:\/\/www.woassteh.com\/files\/","name":"Kulturverein Wunderlich","description":"","potentialAction":[{"@type":"SearchAction","target":{"@type":"EntryPoint","urlTemplate":"https:\/\/www.woassteh.com\/files\/?s={search_term_string}"},"query-input":{"@type":"PropertyValueSpecification","valueRequired":true,"valueName":"search_term_string"}}],"inLanguage":"de"},{"@type":"Person","@id":"https:\/\/www.woassteh.com\/files\/#\/schema\/person\/cb02c7e5a347c23af79cbbaf4b864c1e","name":"L\u00f6ffel","image":{"@type":"ImageObject","inLanguage":"de","@id":"https:\/\/www.woassteh.com\/files\/#\/schema\/person\/image\/","url":"https:\/\/secure.gravatar.com\/avatar\/5d69d4beb2d34f2551535cef1d4d8f85fe886f604857edf12652772fd8010cfc?s=96&d=mm&r=g","contentUrl":"https:\/\/secure.gravatar.com\/avatar\/5d69d4beb2d34f2551535cef1d4d8f85fe886f604857edf12652772fd8010cfc?s=96&d=mm&r=g","caption":"L\u00f6ffel"}}]}},"_links":{"self":[{"href":"https:\/\/www.woassteh.com\/files\/wp-json\/wp\/v2\/posts\/435","targetHints":{"allow":["GET"]}}],"collection":[{"href":"https:\/\/www.woassteh.com\/files\/wp-json\/wp\/v2\/posts"}],"about":[{"href":"https:\/\/www.woassteh.com\/files\/wp-json\/wp\/v2\/types\/post"}],"author":[{"embeddable":true,"href":"https:\/\/www.woassteh.com\/files\/wp-json\/wp\/v2\/users\/1"}],"replies":[{"embeddable":true,"href":"https:\/\/www.woassteh.com\/files\/wp-json\/wp\/v2\/comments?post=435"}],"version-history":[{"count":9,"href":"https:\/\/www.woassteh.com\/files\/wp-json\/wp\/v2\/posts\/435\/revisions"}],"predecessor-version":[{"id":554,"href":"https:\/\/www.woassteh.com\/files\/wp-json\/wp\/v2\/posts\/435\/revisions\/554"}],"wp:featuredmedia":[{"embeddable":true,"href":"https:\/\/www.woassteh.com\/files\/wp-json\/wp\/v2\/media\/437"}],"wp:attachment":[{"href":"https:\/\/www.woassteh.com\/files\/wp-json\/wp\/v2\/media?parent=435"}],"wp:term":[{"taxonomy":"category","embeddable":true,"href":"https:\/\/www.woassteh.com\/files\/wp-json\/wp\/v2\/categories?post=435"},{"taxonomy":"post_tag","embeddable":true,"href":"https:\/\/www.woassteh.com\/files\/wp-json\/wp\/v2\/tags?post=435"}],"curies":[{"name":"wp","href":"https:\/\/api.w.org\/{rel}","templated":true}]}}