{"id":1939,"date":"2024-12-08T15:55:16","date_gmt":"2024-12-08T13:55:16","guid":{"rendered":"https:\/\/www.woassteh.com\/files\/?p=1939"},"modified":"2025-10-21T03:27:53","modified_gmt":"2025-10-21T01:27:53","slug":"massimo-rochi","status":"publish","type":"post","link":"https:\/\/www.woassteh.com\/files\/massimo-rochi\/","title":{"rendered":"Massimo Rochi"},"content":{"rendered":"<p><img loading=\"lazy\" decoding=\"async\" class=\"alignleft wp-image-1937 size-full\" src=\"https:\/\/www.woassteh.com\/files\/wp-content\/uploads\/2024\/11\/massimo-rocchi.jpg\" alt=\"Massimo Rochi\" width=\"555\" height=\"416\" srcset=\"https:\/\/www.woassteh.com\/files\/wp-content\/uploads\/2024\/11\/massimo-rocchi.jpg 555w, https:\/\/www.woassteh.com\/files\/wp-content\/uploads\/2024\/11\/massimo-rocchi-300x225.jpg 300w, https:\/\/www.woassteh.com\/files\/wp-content\/uploads\/2024\/11\/massimo-rocchi-150x112.jpg 150w, https:\/\/www.woassteh.com\/files\/wp-content\/uploads\/2024\/11\/massimo-rocchi-332x249.jpg 332w\" sizes=\"auto, (max-width: 555px) 100vw, 555px\" \/><\/p>\n<h2><span style=\"color: #e8528f;\">Massimo Rocchi<\/span><br \/>\n18. 10. 2025<\/h2>\n<div class=\"clear\"><\/div>\n<p><strong>&#8222;Live&#8220;, <span style=\"color: #ff0000;\">Performance \/ Comedy, Tirolpremiere<\/span>, Samstag 20.00 Uhr, Kultur Quartier Kufstein &#8211; Theatersaal,<\/strong> <strong>Einlass und Wunderliche Gastronomie 18:30 Uhr, Saaleinlass 19:00 Uhr<\/strong><\/p>\n<p>\u00abLive\u00bb von und mit Massimo Rocchi umfasst Pantomime und Sprachakrobatik und pr\u00e4sentiert Hintersinniges \u00fcber das Leben und die Absurdit\u00e4ten des menschlichen Daseins. Dabei spielt mit verschiedenen Sprachen, wie mit seinen Identit\u00e4ten.<\/p>\n<p>Massimo Rocchi ist Komiker, Schauspieler und Regisseur. Seine Welt ist das Theater.<\/p>\n<p>Massimo Rocchi steht nicht f\u00fcr eine Generation oder ein Land, sondern f\u00fcr Emotionen jenseits von geografischen Grenzen. Es isch eso u fertig.<\/p>\n<p>Massimo Rocchi studierte Theaterwissenschaften an der Universit\u00e4t Bologna und liess sich anschliessend in Paris an den weltber\u00fchmten Schulen von Etienne Decroux und Marcel Marceau zum Pantomimen und Schauspieler ausbilden. Um Erfolg zu haben, reichen allerdings Talent und Ausbildung allein nicht aus. Man muss vor allem Mensch sein, sein Publikum lieben, das Publikum begeistern und einen Wohlf\u00fchlfaktor f\u00fcr das Publikum schaffen.<\/p>\n<p><a href=\"https:\/\/www.massimorocchi.ch\/\" target=\"_blank\" rel=\"noopener\">www.massimorocchi.ch<\/a><\/p>\n<p style=\"margin-left: auto; margin-right: auto; width: 17em;\"><a href=\"https:\/\/kultur.kufstein.at\/de\/frei8.html\" target=\"_blank\" rel=\"noopener\"><img loading=\"lazy\" decoding=\"async\" class=\"size-full wp-image-2027\" src=\"https:\/\/www.woassteh.com\/files\/wp-content\/uploads\/2024\/12\/frei18.jpg\" alt=\"Kufstein Aktion Frei18\" width=\"150\" height=\"47\" \/><\/a><br \/>\nWeitere Informationen auf <a href=\"https:\/\/kultur.kufstein.at\/de\/frei8.html\" target=\"_blank\" rel=\"noopener\">&gt;&gt;kultur.kufstein.at\/de\/frei8<\/a><\/p>\n<div class=\"shariff shariff-align-flex-start shariff-widget-align-flex-start\" data-services=\"facebook\" data-url=\"https%3A%2F%2Fwww.woassteh.com%2Ffiles%2Fmassimo-rochi%2F\" data-timestamp=\"1761017273\" data-backendurl=\"https:\/\/www.woassteh.com\/files\/wp-json\/shariff\/v1\/share_counts?\"><ul class=\"shariff-buttons theme-default orientation-horizontal buttonsize-medium\"><li class=\"shariff-button facebook shariff-nocustomcolor\" style=\"background-color:#4273c8\"><a href=\"https:\/\/www.facebook.com\/sharer\/sharer.php?u=https%3A%2F%2Fwww.woassteh.com%2Ffiles%2Fmassimo-rochi%2F\" title=\"Bei Facebook teilen\" aria-label=\"Bei Facebook teilen\" role=\"button\" rel=\"nofollow\" class=\"shariff-link\" style=\"; background-color:#3b5998; color:#fff\" target=\"_blank\"><span class=\"shariff-icon\" style=\"\"><svg width=\"32px\" height=\"20px\" xmlns=\"http:\/\/www.w3.org\/2000\/svg\" viewBox=\"0 0 18 32\"><path fill=\"#3b5998\" d=\"M17.1 0.2v4.7h-2.8q-1.5 0-2.1 0.6t-0.5 1.9v3.4h5.2l-0.7 5.3h-4.5v13.6h-5.5v-13.6h-4.5v-5.3h4.5v-3.9q0-3.3 1.9-5.2t5-1.8q2.6 0 4.1 0.2z\"\/><\/svg><\/span><span class=\"shariff-text\">teilen<\/span>&nbsp;<\/a><\/li><\/ul><\/div>\n<div class=\"shariff shariff-align-flex-start shariff-widget-align-flex-start\" data-services=\"facebook\" data-url=\"https%3A%2F%2Fwww.woassteh.com%2Ffiles%2Fmassimo-rochi%2F\" data-timestamp=\"1761017273\" data-backendurl=\"https:\/\/www.woassteh.com\/files\/wp-json\/shariff\/v1\/share_counts?\"><ul class=\"shariff-buttons theme-default orientation-horizontal buttonsize-medium\"><li class=\"shariff-button facebook shariff-nocustomcolor\" style=\"background-color:#4273c8\"><a href=\"https:\/\/www.facebook.com\/sharer\/sharer.php?u=https%3A%2F%2Fwww.woassteh.com%2Ffiles%2Fmassimo-rochi%2F\" title=\"Bei Facebook teilen\" aria-label=\"Bei Facebook teilen\" role=\"button\" rel=\"nofollow\" class=\"shariff-link\" style=\"; background-color:#3b5998; color:#fff\" target=\"_blank\"><span class=\"shariff-icon\" style=\"\"><svg width=\"32px\" height=\"20px\" xmlns=\"http:\/\/www.w3.org\/2000\/svg\" viewBox=\"0 0 18 32\"><path fill=\"#3b5998\" d=\"M17.1 0.2v4.7h-2.8q-1.5 0-2.1 0.6t-0.5 1.9v3.4h5.2l-0.7 5.3h-4.5v13.6h-5.5v-13.6h-4.5v-5.3h4.5v-3.9q0-3.3 1.9-5.2t5-1.8q2.6 0 4.1 0.2z\"\/><\/svg><\/span><span class=\"shariff-text\">teilen<\/span>&nbsp;<\/a><\/li><\/ul><\/div>","protected":false},"excerpt":{"rendered":"<p>Massimo Rocchi 18. 10. 2025 &#8222;Live&#8220;, Performance \/ Comedy, Tirolpremiere, Samstag 20.00 Uhr, Kultur Quartier Kufstein &#8211; Theatersaal, Einlass und Wunderliche Gastronomie 18:30 Uhr, Saaleinlass 19:00 Uhr \u00abLive\u00bb von und mit Massimo Rocchi umfasst Pantomime und Sprachakrobatik und pr\u00e4sentiert Hintersinniges \u00fcber das Leben und die Absurdit\u00e4ten des menschlichen Daseins. Dabei &#8230;<\/p>\n","protected":false},"author":1,"featured_media":1938,"comment_status":"closed","ping_status":"open","sticky":false,"template":"","format":"standard","meta":{"footnotes":""},"categories":[5],"tags":[],"class_list":["post-1939","post","type-post","status-publish","format-standard","has-post-thumbnail","hentry","category-veranstaltungen","column","threecol","has-thumbnail"],"yoast_head":"<!-- This site is optimized with the Yoast SEO plugin v27.0 - https:\/\/yoast.com\/product\/yoast-seo-wordpress\/ -->\n<title>Massimo Rochi - Kulturverein Wunderlich, Kufstein, Tirol, Kabarett, Konzerte<\/title>\n<meta name=\"description\" content=\"Massimo Rocchi pr\u00e4sentiert in seinem Programm &quot;Live&quot; Hintersinniges \u00fcber das Leben am 18. 10. 2025 im Kultur Quartier Kufstein im Theatersaal\" \/>\n<meta name=\"robots\" content=\"index, follow, max-snippet:-1, max-image-preview:large, max-video-preview:-1\" \/>\n<link rel=\"canonical\" href=\"https:\/\/www.woassteh.com\/files\/massimo-rochi\/\" \/>\n<meta name=\"twitter:label1\" content=\"Verfasst von\" \/>\n\t<meta name=\"twitter:data1\" content=\"L\u00f6ffel\" \/>\n\t<meta name=\"twitter:label2\" content=\"Gesch\u00e4tzte Lesezeit\" \/>\n\t<meta name=\"twitter:data2\" content=\"2\u00a0Minuten\" \/>\n<script type=\"application\/ld+json\" class=\"yoast-schema-graph\">{\"@context\":\"https:\/\/schema.org\",\"@graph\":[{\"@type\":\"Article\",\"@id\":\"https:\/\/www.woassteh.com\/files\/massimo-rochi\/#article\",\"isPartOf\":{\"@id\":\"https:\/\/www.woassteh.com\/files\/massimo-rochi\/\"},\"author\":{\"name\":\"L\u00f6ffel\",\"@id\":\"https:\/\/www.woassteh.com\/files\/#\/schema\/person\/cb02c7e5a347c23af79cbbaf4b864c1e\"},\"headline\":\"Massimo Rochi\",\"datePublished\":\"2024-12-08T13:55:16+00:00\",\"dateModified\":\"2025-10-21T01:27:53+00:00\",\"mainEntityOfPage\":{\"@id\":\"https:\/\/www.woassteh.com\/files\/massimo-rochi\/\"},\"wordCount\":170,\"image\":{\"@id\":\"https:\/\/www.woassteh.com\/files\/massimo-rochi\/#primaryimage\"},\"thumbnailUrl\":\"https:\/\/www.woassteh.com\/files\/wp-content\/uploads\/2024\/11\/massimo-rochi-sl.jpg\",\"articleSection\":[\"Veranstaltungen\"],\"inLanguage\":\"de\"},{\"@type\":\"WebPage\",\"@id\":\"https:\/\/www.woassteh.com\/files\/massimo-rochi\/\",\"url\":\"https:\/\/www.woassteh.com\/files\/massimo-rochi\/\",\"name\":\"Massimo Rochi - Kulturverein Wunderlich, Kufstein, Tirol, Kabarett, Konzerte\",\"isPartOf\":{\"@id\":\"https:\/\/www.woassteh.com\/files\/#website\"},\"primaryImageOfPage\":{\"@id\":\"https:\/\/www.woassteh.com\/files\/massimo-rochi\/#primaryimage\"},\"image\":{\"@id\":\"https:\/\/www.woassteh.com\/files\/massimo-rochi\/#primaryimage\"},\"thumbnailUrl\":\"https:\/\/www.woassteh.com\/files\/wp-content\/uploads\/2024\/11\/massimo-rochi-sl.jpg\",\"datePublished\":\"2024-12-08T13:55:16+00:00\",\"dateModified\":\"2025-10-21T01:27:53+00:00\",\"author\":{\"@id\":\"https:\/\/www.woassteh.com\/files\/#\/schema\/person\/cb02c7e5a347c23af79cbbaf4b864c1e\"},\"description\":\"Massimo Rocchi pr\u00e4sentiert in seinem Programm \\\"Live\\\" Hintersinniges \u00fcber das Leben am 18. 10. 2025 im Kultur Quartier Kufstein im Theatersaal\",\"breadcrumb\":{\"@id\":\"https:\/\/www.woassteh.com\/files\/massimo-rochi\/#breadcrumb\"},\"inLanguage\":\"de\",\"potentialAction\":[{\"@type\":\"ReadAction\",\"target\":[\"https:\/\/www.woassteh.com\/files\/massimo-rochi\/\"]}]},{\"@type\":\"ImageObject\",\"inLanguage\":\"de\",\"@id\":\"https:\/\/www.woassteh.com\/files\/massimo-rochi\/#primaryimage\",\"url\":\"https:\/\/www.woassteh.com\/files\/wp-content\/uploads\/2024\/11\/massimo-rochi-sl.jpg\",\"contentUrl\":\"https:\/\/www.woassteh.com\/files\/wp-content\/uploads\/2024\/11\/massimo-rochi-sl.jpg\",\"width\":1140,\"height\":395},{\"@type\":\"BreadcrumbList\",\"@id\":\"https:\/\/www.woassteh.com\/files\/massimo-rochi\/#breadcrumb\",\"itemListElement\":[{\"@type\":\"ListItem\",\"position\":1,\"name\":\"Home\",\"item\":\"https:\/\/www.woassteh.com\/files\/\"},{\"@type\":\"ListItem\",\"position\":2,\"name\":\"Massimo Rochi\"}]},{\"@type\":\"WebSite\",\"@id\":\"https:\/\/www.woassteh.com\/files\/#website\",\"url\":\"https:\/\/www.woassteh.com\/files\/\",\"name\":\"Kulturverein Wunderlich\",\"description\":\"\",\"potentialAction\":[{\"@type\":\"SearchAction\",\"target\":{\"@type\":\"EntryPoint\",\"urlTemplate\":\"https:\/\/www.woassteh.com\/files\/?s={search_term_string}\"},\"query-input\":{\"@type\":\"PropertyValueSpecification\",\"valueRequired\":true,\"valueName\":\"search_term_string\"}}],\"inLanguage\":\"de\"},{\"@type\":\"Person\",\"@id\":\"https:\/\/www.woassteh.com\/files\/#\/schema\/person\/cb02c7e5a347c23af79cbbaf4b864c1e\",\"name\":\"L\u00f6ffel\",\"image\":{\"@type\":\"ImageObject\",\"inLanguage\":\"de\",\"@id\":\"https:\/\/www.woassteh.com\/files\/#\/schema\/person\/image\/\",\"url\":\"https:\/\/secure.gravatar.com\/avatar\/5d69d4beb2d34f2551535cef1d4d8f85fe886f604857edf12652772fd8010cfc?s=96&d=mm&r=g\",\"contentUrl\":\"https:\/\/secure.gravatar.com\/avatar\/5d69d4beb2d34f2551535cef1d4d8f85fe886f604857edf12652772fd8010cfc?s=96&d=mm&r=g\",\"caption\":\"L\u00f6ffel\"}}]}<\/script>\n<!-- \/ Yoast SEO plugin. -->","yoast_head_json":{"title":"Massimo Rochi - Kulturverein Wunderlich, Kufstein, Tirol, Kabarett, Konzerte","description":"Massimo Rocchi pr\u00e4sentiert in seinem Programm \"Live\" Hintersinniges \u00fcber das Leben am 18. 10. 2025 im Kultur Quartier Kufstein im Theatersaal","robots":{"index":"index","follow":"follow","max-snippet":"max-snippet:-1","max-image-preview":"max-image-preview:large","max-video-preview":"max-video-preview:-1"},"canonical":"https:\/\/www.woassteh.com\/files\/massimo-rochi\/","twitter_misc":{"Verfasst von":"L\u00f6ffel","Gesch\u00e4tzte Lesezeit":"2\u00a0Minuten"},"schema":{"@context":"https:\/\/schema.org","@graph":[{"@type":"Article","@id":"https:\/\/www.woassteh.com\/files\/massimo-rochi\/#article","isPartOf":{"@id":"https:\/\/www.woassteh.com\/files\/massimo-rochi\/"},"author":{"name":"L\u00f6ffel","@id":"https:\/\/www.woassteh.com\/files\/#\/schema\/person\/cb02c7e5a347c23af79cbbaf4b864c1e"},"headline":"Massimo Rochi","datePublished":"2024-12-08T13:55:16+00:00","dateModified":"2025-10-21T01:27:53+00:00","mainEntityOfPage":{"@id":"https:\/\/www.woassteh.com\/files\/massimo-rochi\/"},"wordCount":170,"image":{"@id":"https:\/\/www.woassteh.com\/files\/massimo-rochi\/#primaryimage"},"thumbnailUrl":"https:\/\/www.woassteh.com\/files\/wp-content\/uploads\/2024\/11\/massimo-rochi-sl.jpg","articleSection":["Veranstaltungen"],"inLanguage":"de"},{"@type":"WebPage","@id":"https:\/\/www.woassteh.com\/files\/massimo-rochi\/","url":"https:\/\/www.woassteh.com\/files\/massimo-rochi\/","name":"Massimo Rochi - Kulturverein Wunderlich, Kufstein, Tirol, Kabarett, Konzerte","isPartOf":{"@id":"https:\/\/www.woassteh.com\/files\/#website"},"primaryImageOfPage":{"@id":"https:\/\/www.woassteh.com\/files\/massimo-rochi\/#primaryimage"},"image":{"@id":"https:\/\/www.woassteh.com\/files\/massimo-rochi\/#primaryimage"},"thumbnailUrl":"https:\/\/www.woassteh.com\/files\/wp-content\/uploads\/2024\/11\/massimo-rochi-sl.jpg","datePublished":"2024-12-08T13:55:16+00:00","dateModified":"2025-10-21T01:27:53+00:00","author":{"@id":"https:\/\/www.woassteh.com\/files\/#\/schema\/person\/cb02c7e5a347c23af79cbbaf4b864c1e"},"description":"Massimo Rocchi pr\u00e4sentiert in seinem Programm \"Live\" Hintersinniges \u00fcber das Leben am 18. 10. 2025 im Kultur Quartier Kufstein im Theatersaal","breadcrumb":{"@id":"https:\/\/www.woassteh.com\/files\/massimo-rochi\/#breadcrumb"},"inLanguage":"de","potentialAction":[{"@type":"ReadAction","target":["https:\/\/www.woassteh.com\/files\/massimo-rochi\/"]}]},{"@type":"ImageObject","inLanguage":"de","@id":"https:\/\/www.woassteh.com\/files\/massimo-rochi\/#primaryimage","url":"https:\/\/www.woassteh.com\/files\/wp-content\/uploads\/2024\/11\/massimo-rochi-sl.jpg","contentUrl":"https:\/\/www.woassteh.com\/files\/wp-content\/uploads\/2024\/11\/massimo-rochi-sl.jpg","width":1140,"height":395},{"@type":"BreadcrumbList","@id":"https:\/\/www.woassteh.com\/files\/massimo-rochi\/#breadcrumb","itemListElement":[{"@type":"ListItem","position":1,"name":"Home","item":"https:\/\/www.woassteh.com\/files\/"},{"@type":"ListItem","position":2,"name":"Massimo Rochi"}]},{"@type":"WebSite","@id":"https:\/\/www.woassteh.com\/files\/#website","url":"https:\/\/www.woassteh.com\/files\/","name":"Kulturverein Wunderlich","description":"","potentialAction":[{"@type":"SearchAction","target":{"@type":"EntryPoint","urlTemplate":"https:\/\/www.woassteh.com\/files\/?s={search_term_string}"},"query-input":{"@type":"PropertyValueSpecification","valueRequired":true,"valueName":"search_term_string"}}],"inLanguage":"de"},{"@type":"Person","@id":"https:\/\/www.woassteh.com\/files\/#\/schema\/person\/cb02c7e5a347c23af79cbbaf4b864c1e","name":"L\u00f6ffel","image":{"@type":"ImageObject","inLanguage":"de","@id":"https:\/\/www.woassteh.com\/files\/#\/schema\/person\/image\/","url":"https:\/\/secure.gravatar.com\/avatar\/5d69d4beb2d34f2551535cef1d4d8f85fe886f604857edf12652772fd8010cfc?s=96&d=mm&r=g","contentUrl":"https:\/\/secure.gravatar.com\/avatar\/5d69d4beb2d34f2551535cef1d4d8f85fe886f604857edf12652772fd8010cfc?s=96&d=mm&r=g","caption":"L\u00f6ffel"}}]}},"_links":{"self":[{"href":"https:\/\/www.woassteh.com\/files\/wp-json\/wp\/v2\/posts\/1939","targetHints":{"allow":["GET"]}}],"collection":[{"href":"https:\/\/www.woassteh.com\/files\/wp-json\/wp\/v2\/posts"}],"about":[{"href":"https:\/\/www.woassteh.com\/files\/wp-json\/wp\/v2\/types\/post"}],"author":[{"embeddable":true,"href":"https:\/\/www.woassteh.com\/files\/wp-json\/wp\/v2\/users\/1"}],"replies":[{"embeddable":true,"href":"https:\/\/www.woassteh.com\/files\/wp-json\/wp\/v2\/comments?post=1939"}],"version-history":[{"count":3,"href":"https:\/\/www.woassteh.com\/files\/wp-json\/wp\/v2\/posts\/1939\/revisions"}],"predecessor-version":[{"id":2031,"href":"https:\/\/www.woassteh.com\/files\/wp-json\/wp\/v2\/posts\/1939\/revisions\/2031"}],"wp:featuredmedia":[{"embeddable":true,"href":"https:\/\/www.woassteh.com\/files\/wp-json\/wp\/v2\/media\/1938"}],"wp:attachment":[{"href":"https:\/\/www.woassteh.com\/files\/wp-json\/wp\/v2\/media?parent=1939"}],"wp:term":[{"taxonomy":"category","embeddable":true,"href":"https:\/\/www.woassteh.com\/files\/wp-json\/wp\/v2\/categories?post=1939"},{"taxonomy":"post_tag","embeddable":true,"href":"https:\/\/www.woassteh.com\/files\/wp-json\/wp\/v2\/tags?post=1939"}],"curies":[{"name":"wp","href":"https:\/\/api.w.org\/{rel}","templated":true}]}}