{"id":1706,"date":"2023-07-07T11:50:42","date_gmt":"2023-07-07T09:50:42","guid":{"rendered":"https:\/\/www.woassteh.com\/files\/?p=1706"},"modified":"2023-07-07T12:23:35","modified_gmt":"2023-07-07T10:23:35","slug":"louies-cage-percussion","status":"publish","type":"post","link":"https:\/\/www.woassteh.com\/files\/louies-cage-percussion\/","title":{"rendered":"Louie`s Cage Percussion"},"content":{"rendered":"<h2><span style=\"color: #fe7316;\"><img loading=\"lazy\" decoding=\"async\" class=\"wp-image-1708 size-full alignleft\" src=\"https:\/\/www.woassteh.com\/files\/wp-content\/uploads\/2023\/07\/louies-cage-percussion.jpg\" alt=\"\" width=\"555\" height=\"482\" srcset=\"https:\/\/www.woassteh.com\/files\/wp-content\/uploads\/2023\/07\/louies-cage-percussion.jpg 555w, https:\/\/www.woassteh.com\/files\/wp-content\/uploads\/2023\/07\/louies-cage-percussion-300x261.jpg 300w, https:\/\/www.woassteh.com\/files\/wp-content\/uploads\/2023\/07\/louies-cage-percussion-150x130.jpg 150w, https:\/\/www.woassteh.com\/files\/wp-content\/uploads\/2023\/07\/louies-cage-percussion-332x288.jpg 332w\" sizes=\"auto, (max-width: 555px) 100vw, 555px\" \/>Louie`s Cage Percussion<br \/>\n<\/span><\/h2>\n<h2>15. 04. 2023<\/h2>\n<p><strong>&#8222;Characters&#8220;, <\/strong><strong><span style=\"color: #ff0000;\">Percussion Show, Tirolpremiere<\/span>, <\/strong><strong>Samstag 20.00 Uhr, Kultur Quartier Kufstein, Einlass und Wunderliche Gastronomie 19:00 Uhr<\/strong><\/p>\n<p align=\"JUSTIFY\"><span style=\"font-family: Arial, sans-serif;\"><span style=\"font-size: medium;\"><span lang=\"de-AT\">Schon alleine der Spa\u00df, den diese sechs jungen Musiker mit ihren zw\u00f6lf flinken H\u00e4nden und zahlreichen Instrumenten haben, l\u00e4sst die F\u00fc\u00dfe wippen. Uns erwartet ein musikalischer Abend mit ganz viel Charme! Wer die Musik von Louie`s Cage Percussion einem bestimmten Genre zuordnen will, wird sich anstrengen m\u00fcssen: Ein bisschen Klassik, Jazz, Rock und elektronische Musik, von Rossini bis zu Michael Jackson sind schwer zu kategorisieren, daf\u00fcr umso unterhaltsamer! Zum Einsatz kommen dabei Percussion- und Malletinstrumente sowie Ukulele, Synthesizer, Akkordeon und Gesang.<\/span><\/span><\/span><\/p>\n<p align=\"JUSTIFY\"><span style=\"font-family: Arial, sans-serif;\"><span style=\"font-size: medium;\"><span lang=\"de-AT\">Gespickt sind ihre Konzerte mit einer Lichtshow und dem musikalischen Schauspiel, bei dem die Musiker auf ihre besondere, sehr heitere Art kurze Geschichten erz\u00e4hlen. Die Musiker von Louie\u2019s Cage Percussion schl\u00fcpfen daf\u00fcr in verschiedene Rollen. Die \u00f6sterreichische Schauspielerin, S\u00e4ngerin und Regisseurin Sigrid Hauser schlie\u00dft die Erz\u00e4hlung auf visueller Ebene ab.<\/span><\/span><\/span><\/p>\n<p align=\"JUSTIFY\"><span style=\"font-family: Arial, sans-serif;\"><span style=\"font-size: medium;\"><span lang=\"de-AT\">Genau so vielf\u00e4ltig wie die musikalische Darbietung der ausgebildeten Schlagwerker sind auch die ausverkauften Veranstaltungsorte, die sie schon bespielten. Begeisterte Zuschauer sahen sie in der Elbphilharmonie, in der Alten Oper Frankfurt, im Wiener Konzerthaus, in der Volksoper in Wien, im Theater Akzent und dem Staatstheater am G\u00e4rtnerplatz M\u00fcnchen. Und bald auch in Kufstein!<\/span><\/span><\/span><\/p>\n<p lang=\"de-AT\" align=\"JUSTIFY\"><a href=\"https:\/\/www.louiescagepercussion.com\/portal\/de\/\" target=\"_blank\" rel=\"noopener\"><span style=\"font-family: Arial, sans-serif;\"><span style=\"font-size: medium;\">www.louiescagepercussion.com<\/span><\/span><\/a><\/p>\n<div class=\"shariff shariff-align-flex-start shariff-widget-align-flex-start\" data-services=\"facebook\" data-url=\"https%3A%2F%2Fwww.woassteh.com%2Ffiles%2Flouies-cage-percussion%2F\" data-timestamp=\"1688732615\" data-backendurl=\"https:\/\/www.woassteh.com\/files\/wp-json\/shariff\/v1\/share_counts?\"><ul class=\"shariff-buttons theme-default orientation-horizontal buttonsize-medium\"><li class=\"shariff-button facebook shariff-nocustomcolor\" style=\"background-color:#4273c8\"><a href=\"https:\/\/www.facebook.com\/sharer\/sharer.php?u=https%3A%2F%2Fwww.woassteh.com%2Ffiles%2Flouies-cage-percussion%2F\" title=\"Bei Facebook teilen\" aria-label=\"Bei Facebook teilen\" role=\"button\" rel=\"nofollow\" class=\"shariff-link\" style=\"; background-color:#3b5998; color:#fff\" target=\"_blank\"><span class=\"shariff-icon\" style=\"\"><svg width=\"32px\" height=\"20px\" xmlns=\"http:\/\/www.w3.org\/2000\/svg\" viewBox=\"0 0 18 32\"><path fill=\"#3b5998\" d=\"M17.1 0.2v4.7h-2.8q-1.5 0-2.1 0.6t-0.5 1.9v3.4h5.2l-0.7 5.3h-4.5v13.6h-5.5v-13.6h-4.5v-5.3h4.5v-3.9q0-3.3 1.9-5.2t5-1.8q2.6 0 4.1 0.2z\"\/><\/svg><\/span><span class=\"shariff-text\">teilen<\/span>&nbsp;<\/a><\/li><\/ul><\/div>\n<p><a title=\"\" href=\"https:\/\/www.greenevents-tirol.at\/de\/\"><img loading=\"lazy\" decoding=\"async\" class=\"wp-image-1450 size-full alignleft\" src=\"https:\/\/www.woassteh.com\/files\/wp-content\/uploads\/2021\/12\/green-event-tirol-2022kl.jpg\" alt=\"Green Event Tirol 2022\" width=\"300\" height=\"300\" srcset=\"https:\/\/www.woassteh.com\/files\/wp-content\/uploads\/2021\/12\/green-event-tirol-2022kl.jpg 300w, https:\/\/www.woassteh.com\/files\/wp-content\/uploads\/2021\/12\/green-event-tirol-2022kl-150x150.jpg 150w, https:\/\/www.woassteh.com\/files\/wp-content\/uploads\/2021\/12\/green-event-tirol-2022kl-268x268.jpg 268w\" sizes=\"auto, (max-width: 300px) 100vw, 300px\" \/><\/a><br \/>\n<strong>Barrierefreiheit:<br \/>\n<\/strong>Wenn Sie Fragen zur Barrierefreiheit im Kultur Quartier haben \u2013 Wir sind f\u00fcr Sie da \u2013 Woassteh!!!!!<\/p>\n<p><strong>Kontakt<\/strong>:<br \/>\nChristian Widauer<br \/>\n+43 650 5605 169<br \/>\n<a href=\"mailto:c.widauer@woassteh.com\">c.widauer@woassteh.com<\/a><br \/>\noder direkt auf<br \/>\n<a href=\"https:\/\/kulturquartier.kufstein.at\/de\/wir-sind-fuer-sie-da.html\" target=\"_blank\" rel=\"noopener\">https:\/\/kulturquartier.kufstein.at\/de\/wir-sind-fuer-sie-da.html<\/a><!--more--><\/p>\n<div class=\"shariff shariff-align-flex-start shariff-widget-align-flex-start\" data-services=\"facebook\" data-url=\"https%3A%2F%2Fwww.woassteh.com%2Ffiles%2Flouies-cage-percussion%2F\" data-timestamp=\"1688732615\" data-backendurl=\"https:\/\/www.woassteh.com\/files\/wp-json\/shariff\/v1\/share_counts?\"><ul class=\"shariff-buttons theme-default orientation-horizontal buttonsize-medium\"><li class=\"shariff-button facebook shariff-nocustomcolor\" style=\"background-color:#4273c8\"><a href=\"https:\/\/www.facebook.com\/sharer\/sharer.php?u=https%3A%2F%2Fwww.woassteh.com%2Ffiles%2Flouies-cage-percussion%2F\" title=\"Bei Facebook teilen\" aria-label=\"Bei Facebook teilen\" role=\"button\" rel=\"nofollow\" class=\"shariff-link\" style=\"; background-color:#3b5998; color:#fff\" target=\"_blank\"><span class=\"shariff-icon\" style=\"\"><svg width=\"32px\" height=\"20px\" xmlns=\"http:\/\/www.w3.org\/2000\/svg\" viewBox=\"0 0 18 32\"><path fill=\"#3b5998\" d=\"M17.1 0.2v4.7h-2.8q-1.5 0-2.1 0.6t-0.5 1.9v3.4h5.2l-0.7 5.3h-4.5v13.6h-5.5v-13.6h-4.5v-5.3h4.5v-3.9q0-3.3 1.9-5.2t5-1.8q2.6 0 4.1 0.2z\"\/><\/svg><\/span><span class=\"shariff-text\">teilen<\/span>&nbsp;<\/a><\/li><\/ul><\/div>","protected":false},"excerpt":{"rendered":"<p>Louie`s Cage Percussion 15. 04. 2023 &#8222;Characters&#8220;, Percussion Show, Tirolpremiere, Samstag 20.00 Uhr, Kultur Quartier Kufstein, Einlass und Wunderliche Gastronomie 19:00 Uhr Schon alleine der Spa\u00df, den diese sechs jungen Musiker mit ihren zw\u00f6lf flinken H\u00e4nden und zahlreichen Instrumenten haben, l\u00e4sst die F\u00fc\u00dfe wippen. Uns erwartet ein musikalischer Abend mit &#8230;<\/p>\n","protected":false},"author":1,"featured_media":1709,"comment_status":"closed","ping_status":"open","sticky":false,"template":"","format":"standard","meta":{"footnotes":""},"categories":[5],"tags":[],"class_list":["post-1706","post","type-post","status-publish","format-standard","has-post-thumbnail","hentry","category-veranstaltungen","column","threecol","has-thumbnail"],"yoast_head":"<!-- This site is optimized with the Yoast SEO plugin v27.0 - https:\/\/yoast.com\/product\/yoast-seo-wordpress\/ -->\n<title>Louie`s Cage Percussion - Kulturverein Wunderlich, Kufstein, Tirol, Kabarett, Konzerte<\/title>\n<meta name=\"robots\" content=\"index, follow, max-snippet:-1, max-image-preview:large, max-video-preview:-1\" \/>\n<link rel=\"canonical\" href=\"https:\/\/www.woassteh.com\/files\/louies-cage-percussion\/\" \/>\n<meta name=\"twitter:label1\" content=\"Verfasst von\" \/>\n\t<meta name=\"twitter:data1\" content=\"L\u00f6ffel\" \/>\n\t<meta name=\"twitter:label2\" content=\"Gesch\u00e4tzte Lesezeit\" \/>\n\t<meta name=\"twitter:data2\" content=\"2\u00a0Minuten\" \/>\n<script type=\"application\/ld+json\" class=\"yoast-schema-graph\">{\"@context\":\"https:\/\/schema.org\",\"@graph\":[{\"@type\":\"Article\",\"@id\":\"https:\/\/www.woassteh.com\/files\/louies-cage-percussion\/#article\",\"isPartOf\":{\"@id\":\"https:\/\/www.woassteh.com\/files\/louies-cage-percussion\/\"},\"author\":{\"name\":\"L\u00f6ffel\",\"@id\":\"https:\/\/www.woassteh.com\/files\/#\/schema\/person\/cb02c7e5a347c23af79cbbaf4b864c1e\"},\"headline\":\"Louie`s Cage Percussion\",\"datePublished\":\"2023-07-07T09:50:42+00:00\",\"dateModified\":\"2023-07-07T10:23:35+00:00\",\"mainEntityOfPage\":{\"@id\":\"https:\/\/www.woassteh.com\/files\/louies-cage-percussion\/\"},\"wordCount\":261,\"image\":{\"@id\":\"https:\/\/www.woassteh.com\/files\/louies-cage-percussion\/#primaryimage\"},\"thumbnailUrl\":\"https:\/\/www.woassteh.com\/files\/wp-content\/uploads\/2023\/07\/louies-cage-percussion-sl.jpg\",\"articleSection\":[\"Veranstaltungen\"],\"inLanguage\":\"de\"},{\"@type\":\"WebPage\",\"@id\":\"https:\/\/www.woassteh.com\/files\/louies-cage-percussion\/\",\"url\":\"https:\/\/www.woassteh.com\/files\/louies-cage-percussion\/\",\"name\":\"Louie`s Cage Percussion - Kulturverein Wunderlich, Kufstein, Tirol, Kabarett, Konzerte\",\"isPartOf\":{\"@id\":\"https:\/\/www.woassteh.com\/files\/#website\"},\"primaryImageOfPage\":{\"@id\":\"https:\/\/www.woassteh.com\/files\/louies-cage-percussion\/#primaryimage\"},\"image\":{\"@id\":\"https:\/\/www.woassteh.com\/files\/louies-cage-percussion\/#primaryimage\"},\"thumbnailUrl\":\"https:\/\/www.woassteh.com\/files\/wp-content\/uploads\/2023\/07\/louies-cage-percussion-sl.jpg\",\"datePublished\":\"2023-07-07T09:50:42+00:00\",\"dateModified\":\"2023-07-07T10:23:35+00:00\",\"author\":{\"@id\":\"https:\/\/www.woassteh.com\/files\/#\/schema\/person\/cb02c7e5a347c23af79cbbaf4b864c1e\"},\"breadcrumb\":{\"@id\":\"https:\/\/www.woassteh.com\/files\/louies-cage-percussion\/#breadcrumb\"},\"inLanguage\":\"de\",\"potentialAction\":[{\"@type\":\"ReadAction\",\"target\":[\"https:\/\/www.woassteh.com\/files\/louies-cage-percussion\/\"]}]},{\"@type\":\"ImageObject\",\"inLanguage\":\"de\",\"@id\":\"https:\/\/www.woassteh.com\/files\/louies-cage-percussion\/#primaryimage\",\"url\":\"https:\/\/www.woassteh.com\/files\/wp-content\/uploads\/2023\/07\/louies-cage-percussion-sl.jpg\",\"contentUrl\":\"https:\/\/www.woassteh.com\/files\/wp-content\/uploads\/2023\/07\/louies-cage-percussion-sl.jpg\",\"width\":1140,\"height\":395},{\"@type\":\"BreadcrumbList\",\"@id\":\"https:\/\/www.woassteh.com\/files\/louies-cage-percussion\/#breadcrumb\",\"itemListElement\":[{\"@type\":\"ListItem\",\"position\":1,\"name\":\"Home\",\"item\":\"https:\/\/www.woassteh.com\/files\/\"},{\"@type\":\"ListItem\",\"position\":2,\"name\":\"Louie`s Cage Percussion\"}]},{\"@type\":\"WebSite\",\"@id\":\"https:\/\/www.woassteh.com\/files\/#website\",\"url\":\"https:\/\/www.woassteh.com\/files\/\",\"name\":\"Kulturverein Wunderlich\",\"description\":\"\",\"potentialAction\":[{\"@type\":\"SearchAction\",\"target\":{\"@type\":\"EntryPoint\",\"urlTemplate\":\"https:\/\/www.woassteh.com\/files\/?s={search_term_string}\"},\"query-input\":{\"@type\":\"PropertyValueSpecification\",\"valueRequired\":true,\"valueName\":\"search_term_string\"}}],\"inLanguage\":\"de\"},{\"@type\":\"Person\",\"@id\":\"https:\/\/www.woassteh.com\/files\/#\/schema\/person\/cb02c7e5a347c23af79cbbaf4b864c1e\",\"name\":\"L\u00f6ffel\",\"image\":{\"@type\":\"ImageObject\",\"inLanguage\":\"de\",\"@id\":\"https:\/\/www.woassteh.com\/files\/#\/schema\/person\/image\/\",\"url\":\"https:\/\/secure.gravatar.com\/avatar\/5d69d4beb2d34f2551535cef1d4d8f85fe886f604857edf12652772fd8010cfc?s=96&d=mm&r=g\",\"contentUrl\":\"https:\/\/secure.gravatar.com\/avatar\/5d69d4beb2d34f2551535cef1d4d8f85fe886f604857edf12652772fd8010cfc?s=96&d=mm&r=g\",\"caption\":\"L\u00f6ffel\"}}]}<\/script>\n<!-- \/ Yoast SEO plugin. -->","yoast_head_json":{"title":"Louie`s Cage Percussion - Kulturverein Wunderlich, Kufstein, Tirol, Kabarett, Konzerte","robots":{"index":"index","follow":"follow","max-snippet":"max-snippet:-1","max-image-preview":"max-image-preview:large","max-video-preview":"max-video-preview:-1"},"canonical":"https:\/\/www.woassteh.com\/files\/louies-cage-percussion\/","twitter_misc":{"Verfasst von":"L\u00f6ffel","Gesch\u00e4tzte Lesezeit":"2\u00a0Minuten"},"schema":{"@context":"https:\/\/schema.org","@graph":[{"@type":"Article","@id":"https:\/\/www.woassteh.com\/files\/louies-cage-percussion\/#article","isPartOf":{"@id":"https:\/\/www.woassteh.com\/files\/louies-cage-percussion\/"},"author":{"name":"L\u00f6ffel","@id":"https:\/\/www.woassteh.com\/files\/#\/schema\/person\/cb02c7e5a347c23af79cbbaf4b864c1e"},"headline":"Louie`s Cage Percussion","datePublished":"2023-07-07T09:50:42+00:00","dateModified":"2023-07-07T10:23:35+00:00","mainEntityOfPage":{"@id":"https:\/\/www.woassteh.com\/files\/louies-cage-percussion\/"},"wordCount":261,"image":{"@id":"https:\/\/www.woassteh.com\/files\/louies-cage-percussion\/#primaryimage"},"thumbnailUrl":"https:\/\/www.woassteh.com\/files\/wp-content\/uploads\/2023\/07\/louies-cage-percussion-sl.jpg","articleSection":["Veranstaltungen"],"inLanguage":"de"},{"@type":"WebPage","@id":"https:\/\/www.woassteh.com\/files\/louies-cage-percussion\/","url":"https:\/\/www.woassteh.com\/files\/louies-cage-percussion\/","name":"Louie`s Cage Percussion - Kulturverein Wunderlich, Kufstein, Tirol, Kabarett, Konzerte","isPartOf":{"@id":"https:\/\/www.woassteh.com\/files\/#website"},"primaryImageOfPage":{"@id":"https:\/\/www.woassteh.com\/files\/louies-cage-percussion\/#primaryimage"},"image":{"@id":"https:\/\/www.woassteh.com\/files\/louies-cage-percussion\/#primaryimage"},"thumbnailUrl":"https:\/\/www.woassteh.com\/files\/wp-content\/uploads\/2023\/07\/louies-cage-percussion-sl.jpg","datePublished":"2023-07-07T09:50:42+00:00","dateModified":"2023-07-07T10:23:35+00:00","author":{"@id":"https:\/\/www.woassteh.com\/files\/#\/schema\/person\/cb02c7e5a347c23af79cbbaf4b864c1e"},"breadcrumb":{"@id":"https:\/\/www.woassteh.com\/files\/louies-cage-percussion\/#breadcrumb"},"inLanguage":"de","potentialAction":[{"@type":"ReadAction","target":["https:\/\/www.woassteh.com\/files\/louies-cage-percussion\/"]}]},{"@type":"ImageObject","inLanguage":"de","@id":"https:\/\/www.woassteh.com\/files\/louies-cage-percussion\/#primaryimage","url":"https:\/\/www.woassteh.com\/files\/wp-content\/uploads\/2023\/07\/louies-cage-percussion-sl.jpg","contentUrl":"https:\/\/www.woassteh.com\/files\/wp-content\/uploads\/2023\/07\/louies-cage-percussion-sl.jpg","width":1140,"height":395},{"@type":"BreadcrumbList","@id":"https:\/\/www.woassteh.com\/files\/louies-cage-percussion\/#breadcrumb","itemListElement":[{"@type":"ListItem","position":1,"name":"Home","item":"https:\/\/www.woassteh.com\/files\/"},{"@type":"ListItem","position":2,"name":"Louie`s Cage Percussion"}]},{"@type":"WebSite","@id":"https:\/\/www.woassteh.com\/files\/#website","url":"https:\/\/www.woassteh.com\/files\/","name":"Kulturverein Wunderlich","description":"","potentialAction":[{"@type":"SearchAction","target":{"@type":"EntryPoint","urlTemplate":"https:\/\/www.woassteh.com\/files\/?s={search_term_string}"},"query-input":{"@type":"PropertyValueSpecification","valueRequired":true,"valueName":"search_term_string"}}],"inLanguage":"de"},{"@type":"Person","@id":"https:\/\/www.woassteh.com\/files\/#\/schema\/person\/cb02c7e5a347c23af79cbbaf4b864c1e","name":"L\u00f6ffel","image":{"@type":"ImageObject","inLanguage":"de","@id":"https:\/\/www.woassteh.com\/files\/#\/schema\/person\/image\/","url":"https:\/\/secure.gravatar.com\/avatar\/5d69d4beb2d34f2551535cef1d4d8f85fe886f604857edf12652772fd8010cfc?s=96&d=mm&r=g","contentUrl":"https:\/\/secure.gravatar.com\/avatar\/5d69d4beb2d34f2551535cef1d4d8f85fe886f604857edf12652772fd8010cfc?s=96&d=mm&r=g","caption":"L\u00f6ffel"}}]}},"_links":{"self":[{"href":"https:\/\/www.woassteh.com\/files\/wp-json\/wp\/v2\/posts\/1706","targetHints":{"allow":["GET"]}}],"collection":[{"href":"https:\/\/www.woassteh.com\/files\/wp-json\/wp\/v2\/posts"}],"about":[{"href":"https:\/\/www.woassteh.com\/files\/wp-json\/wp\/v2\/types\/post"}],"author":[{"embeddable":true,"href":"https:\/\/www.woassteh.com\/files\/wp-json\/wp\/v2\/users\/1"}],"replies":[{"embeddable":true,"href":"https:\/\/www.woassteh.com\/files\/wp-json\/wp\/v2\/comments?post=1706"}],"version-history":[{"count":2,"href":"https:\/\/www.woassteh.com\/files\/wp-json\/wp\/v2\/posts\/1706\/revisions"}],"predecessor-version":[{"id":1715,"href":"https:\/\/www.woassteh.com\/files\/wp-json\/wp\/v2\/posts\/1706\/revisions\/1715"}],"wp:featuredmedia":[{"embeddable":true,"href":"https:\/\/www.woassteh.com\/files\/wp-json\/wp\/v2\/media\/1709"}],"wp:attachment":[{"href":"https:\/\/www.woassteh.com\/files\/wp-json\/wp\/v2\/media?parent=1706"}],"wp:term":[{"taxonomy":"category","embeddable":true,"href":"https:\/\/www.woassteh.com\/files\/wp-json\/wp\/v2\/categories?post=1706"},{"taxonomy":"post_tag","embeddable":true,"href":"https:\/\/www.woassteh.com\/files\/wp-json\/wp\/v2\/tags?post=1706"}],"curies":[{"name":"wp","href":"https:\/\/api.w.org\/{rel}","templated":true}]}}