{"id":1613,"date":"2023-06-16T10:35:43","date_gmt":"2023-06-16T08:35:43","guid":{"rendered":"https:\/\/www.woassteh.com\/files\/?p=1613"},"modified":"2023-12-11T10:10:50","modified_gmt":"2023-12-11T08:10:50","slug":"alfred-dorfer","status":"publish","type":"post","link":"https:\/\/www.woassteh.com\/files\/alfred-dorfer\/","title":{"rendered":"Alfred Dorfer"},"content":{"rendered":"<p><img loading=\"lazy\" decoding=\"async\" class=\"wp-image-1614 size-full alignleft\" src=\"https:\/\/www.woassteh.com\/files\/wp-content\/uploads\/2023\/06\/alfred-dorfer.jpg\" alt=\"\" width=\"555\" height=\"370\" srcset=\"https:\/\/www.woassteh.com\/files\/wp-content\/uploads\/2023\/06\/alfred-dorfer.jpg 555w, https:\/\/www.woassteh.com\/files\/wp-content\/uploads\/2023\/06\/alfred-dorfer-300x200.jpg 300w, https:\/\/www.woassteh.com\/files\/wp-content\/uploads\/2023\/06\/alfred-dorfer-150x100.jpg 150w, https:\/\/www.woassteh.com\/files\/wp-content\/uploads\/2023\/06\/alfred-dorfer-332x221.jpg 332w\" sizes=\"auto, (max-width: 555px) 100vw, 555px\" \/><\/p>\n<h2><span style=\"color: #00367c;\">Alfred Dorfer<\/span><br \/>\n09. 12. 2023<\/h2>\n<p><strong>&#8222;und&#8230;&#8220;, <span style=\"color: #ff0000;\">Kabarett<\/span>,\u00a0<\/strong><strong> Samstag 20.00 Uhr, Kultur Quartier Kufstein, Einlass und Wunderliche Gastronomie 18:30 Uhr, Saaleinlass 19:00 Uhr<br \/>\n<\/strong><\/p>\n<p>Wie wird es jetzt weitergehen, fragt er sich? Ein Umzug in eine andere Wohnung hat Bewegung in das Leben von Alfred Dorfers B\u00fchnenfigur gebracht. Das Ausmisten der alten Wohnung bringt Dorfer mit Beil\u00e4ufigkeit auf \u00fcberraschende Gedanken. Er stellt fundamentale Fragen und sch\u00fcttelt dabei Pointen aus dem \u00c4rmel.<\/p>\n<p>Alfred Dorfer zeigt in seinem siebenten Soloprogramm Momentaufnahmen vom Aufbrechen und Ankommen und pr\u00e4sentiert dem Publikum ungew\u00f6hnliche Zusammenh\u00e4nge, w\u00e4hrend er viele Themen des Lebens aufgreift, von Alltagsph\u00e4nomenen und Zeitgeisterscheinungen bis politischen Tatsachen. Virtuos und scharfz\u00fcngig agiert er in den erdachten Parallelwelten und bringt von ihm dargestellte Figuren als Partner auf die B\u00fchne, wobei er mit Rollen und Perspektiven spielt. Bei aller Leichtigkeit und ausdrucksstarker Komik verliert Dorfer nie den Blick f\u00fcr die Realit\u00e4t. Temporeiches und inhaltlich sehr komplexes Ein-Mann-Theater.<\/p>\n<p>Der Wiener Alfred Dorfer z\u00e4hlt zu den wichtigsten Satirikern und Autoren im deutschen Sprachraum, den er als seine B\u00fchne begreift. Ausgezeichnet wurde Dorfer u.a. mit dem Deutschen sowie dem Bayerischen Kabarettpreis, dem Deutschen Kleinkunstpreis und dem Schweizer Cornichon.<\/p>\n<p><a href=\"https:\/\/www.dorfer.at\/\" target=\"_blank\" rel=\"noopener\">www.dorfer.at<\/a><\/p>\n<div class=\"shariff shariff-align-flex-start shariff-widget-align-flex-start\" data-services=\"facebook\" data-url=\"https%3A%2F%2Fwww.woassteh.com%2Ffiles%2Falfred-dorfer%2F\" data-timestamp=\"1702289450\" data-backendurl=\"https:\/\/www.woassteh.com\/files\/wp-json\/shariff\/v1\/share_counts?\"><ul class=\"shariff-buttons theme-default orientation-horizontal buttonsize-medium\"><li class=\"shariff-button facebook shariff-nocustomcolor\" style=\"background-color:#4273c8\"><a href=\"https:\/\/www.facebook.com\/sharer\/sharer.php?u=https%3A%2F%2Fwww.woassteh.com%2Ffiles%2Falfred-dorfer%2F\" title=\"Bei Facebook teilen\" aria-label=\"Bei Facebook teilen\" role=\"button\" rel=\"nofollow\" class=\"shariff-link\" style=\"; background-color:#3b5998; color:#fff\" target=\"_blank\"><span class=\"shariff-icon\" style=\"\"><svg width=\"32px\" height=\"20px\" xmlns=\"http:\/\/www.w3.org\/2000\/svg\" viewBox=\"0 0 18 32\"><path fill=\"#3b5998\" d=\"M17.1 0.2v4.7h-2.8q-1.5 0-2.1 0.6t-0.5 1.9v3.4h5.2l-0.7 5.3h-4.5v13.6h-5.5v-13.6h-4.5v-5.3h4.5v-3.9q0-3.3 1.9-5.2t5-1.8q2.6 0 4.1 0.2z\"\/><\/svg><\/span><span class=\"shariff-text\">teilen<\/span>&nbsp;<\/a><\/li><\/ul><\/div>\n<p><a title=\"\" href=\"https:\/\/www.greenevents-tirol.at\/de\/\"><img loading=\"lazy\" decoding=\"async\" class=\"wp-image-1450 size-full alignleft\" src=\"https:\/\/www.woassteh.com\/files\/wp-content\/uploads\/2021\/12\/green-event-tirol-2022kl.jpg\" alt=\"Green Event Tirol 2022\" width=\"300\" height=\"300\" srcset=\"https:\/\/www.woassteh.com\/files\/wp-content\/uploads\/2021\/12\/green-event-tirol-2022kl.jpg 300w, https:\/\/www.woassteh.com\/files\/wp-content\/uploads\/2021\/12\/green-event-tirol-2022kl-150x150.jpg 150w, https:\/\/www.woassteh.com\/files\/wp-content\/uploads\/2021\/12\/green-event-tirol-2022kl-268x268.jpg 268w\" sizes=\"auto, (max-width: 300px) 100vw, 300px\" \/><\/a><br \/>\n<strong>Barrierefreiheit:<br \/>\n<\/strong>Wenn Sie Fragen zur Barrierefreiheit im Kultur Quartier haben \u2013 Wir sind f\u00fcr Sie da \u2013 Woassteh!!!!!<\/p>\n<p><strong>Kontakt<\/strong>:<br \/>\nChristian Widauer<br \/>\n+43 650 5605 169<br \/>\n<a href=\"mailto:c.widauer@woassteh.com\">c.widauer@woassteh.com<\/a><br \/>\noder direkt auf<br \/>\n<a href=\"https:\/\/kulturquartier.kufstein.at\/de\/wir-sind-fuer-sie-da.html\" target=\"_blank\" rel=\"noopener\">https:\/\/kulturquartier.kufstein.at\/de\/wir-sind-fuer-sie-da.html<\/a><\/p>\n<div class=\"shariff shariff-align-flex-start shariff-widget-align-flex-start\" data-services=\"facebook\" data-url=\"https%3A%2F%2Fwww.woassteh.com%2Ffiles%2Falfred-dorfer%2F\" data-timestamp=\"1702289450\" data-backendurl=\"https:\/\/www.woassteh.com\/files\/wp-json\/shariff\/v1\/share_counts?\"><ul class=\"shariff-buttons theme-default orientation-horizontal buttonsize-medium\"><li class=\"shariff-button facebook shariff-nocustomcolor\" style=\"background-color:#4273c8\"><a href=\"https:\/\/www.facebook.com\/sharer\/sharer.php?u=https%3A%2F%2Fwww.woassteh.com%2Ffiles%2Falfred-dorfer%2F\" title=\"Bei Facebook teilen\" aria-label=\"Bei Facebook teilen\" role=\"button\" rel=\"nofollow\" class=\"shariff-link\" style=\"; background-color:#3b5998; color:#fff\" target=\"_blank\"><span class=\"shariff-icon\" style=\"\"><svg width=\"32px\" height=\"20px\" xmlns=\"http:\/\/www.w3.org\/2000\/svg\" viewBox=\"0 0 18 32\"><path fill=\"#3b5998\" d=\"M17.1 0.2v4.7h-2.8q-1.5 0-2.1 0.6t-0.5 1.9v3.4h5.2l-0.7 5.3h-4.5v13.6h-5.5v-13.6h-4.5v-5.3h4.5v-3.9q0-3.3 1.9-5.2t5-1.8q2.6 0 4.1 0.2z\"\/><\/svg><\/span><span class=\"shariff-text\">teilen<\/span>&nbsp;<\/a><\/li><\/ul><\/div>","protected":false},"excerpt":{"rendered":"<p>Alfred Dorfer 09. 12. 2023 &#8222;und&#8230;&#8220;, Kabarett,\u00a0 Samstag 20.00 Uhr, Kultur Quartier Kufstein, Einlass und Wunderliche Gastronomie 18:30 Uhr, Saaleinlass 19:00 Uhr Wie wird es jetzt weitergehen, fragt er sich? Ein Umzug in eine andere Wohnung hat Bewegung in das Leben von Alfred Dorfers B\u00fchnenfigur gebracht. Das Ausmisten der alten &#8230;<\/p>\n","protected":false},"author":1,"featured_media":1616,"comment_status":"closed","ping_status":"open","sticky":false,"template":"","format":"standard","meta":{"footnotes":""},"categories":[5],"tags":[],"class_list":["post-1613","post","type-post","status-publish","format-standard","has-post-thumbnail","hentry","category-veranstaltungen","column","threecol","has-thumbnail"],"yoast_head":"<!-- This site is optimized with the Yoast SEO plugin v27.0 - https:\/\/yoast.com\/product\/yoast-seo-wordpress\/ -->\n<title>Alfred Dorfer - Kulturverein Wunderlich, Kufstein, Tirol, Kabarett, Konzerte<\/title>\n<meta name=\"robots\" content=\"index, follow, max-snippet:-1, max-image-preview:large, max-video-preview:-1\" \/>\n<link rel=\"canonical\" href=\"https:\/\/www.woassteh.com\/files\/alfred-dorfer\/\" \/>\n<meta name=\"twitter:label1\" content=\"Verfasst von\" \/>\n\t<meta name=\"twitter:data1\" content=\"L\u00f6ffel\" \/>\n\t<meta name=\"twitter:label2\" content=\"Gesch\u00e4tzte Lesezeit\" \/>\n\t<meta name=\"twitter:data2\" content=\"2\u00a0Minuten\" \/>\n<script type=\"application\/ld+json\" class=\"yoast-schema-graph\">{\"@context\":\"https:\/\/schema.org\",\"@graph\":[{\"@type\":\"Article\",\"@id\":\"https:\/\/www.woassteh.com\/files\/alfred-dorfer\/#article\",\"isPartOf\":{\"@id\":\"https:\/\/www.woassteh.com\/files\/alfred-dorfer\/\"},\"author\":{\"name\":\"L\u00f6ffel\",\"@id\":\"https:\/\/www.woassteh.com\/files\/#\/schema\/person\/cb02c7e5a347c23af79cbbaf4b864c1e\"},\"headline\":\"Alfred Dorfer\",\"datePublished\":\"2023-06-16T08:35:43+00:00\",\"dateModified\":\"2023-12-11T08:10:50+00:00\",\"mainEntityOfPage\":{\"@id\":\"https:\/\/www.woassteh.com\/files\/alfred-dorfer\/\"},\"wordCount\":235,\"image\":{\"@id\":\"https:\/\/www.woassteh.com\/files\/alfred-dorfer\/#primaryimage\"},\"thumbnailUrl\":\"https:\/\/www.woassteh.com\/files\/wp-content\/uploads\/2023\/06\/dorfer-sl.jpg\",\"articleSection\":[\"Veranstaltungen\"],\"inLanguage\":\"de\"},{\"@type\":\"WebPage\",\"@id\":\"https:\/\/www.woassteh.com\/files\/alfred-dorfer\/\",\"url\":\"https:\/\/www.woassteh.com\/files\/alfred-dorfer\/\",\"name\":\"Alfred Dorfer - Kulturverein Wunderlich, Kufstein, Tirol, Kabarett, Konzerte\",\"isPartOf\":{\"@id\":\"https:\/\/www.woassteh.com\/files\/#website\"},\"primaryImageOfPage\":{\"@id\":\"https:\/\/www.woassteh.com\/files\/alfred-dorfer\/#primaryimage\"},\"image\":{\"@id\":\"https:\/\/www.woassteh.com\/files\/alfred-dorfer\/#primaryimage\"},\"thumbnailUrl\":\"https:\/\/www.woassteh.com\/files\/wp-content\/uploads\/2023\/06\/dorfer-sl.jpg\",\"datePublished\":\"2023-06-16T08:35:43+00:00\",\"dateModified\":\"2023-12-11T08:10:50+00:00\",\"author\":{\"@id\":\"https:\/\/www.woassteh.com\/files\/#\/schema\/person\/cb02c7e5a347c23af79cbbaf4b864c1e\"},\"breadcrumb\":{\"@id\":\"https:\/\/www.woassteh.com\/files\/alfred-dorfer\/#breadcrumb\"},\"inLanguage\":\"de\",\"potentialAction\":[{\"@type\":\"ReadAction\",\"target\":[\"https:\/\/www.woassteh.com\/files\/alfred-dorfer\/\"]}]},{\"@type\":\"ImageObject\",\"inLanguage\":\"de\",\"@id\":\"https:\/\/www.woassteh.com\/files\/alfred-dorfer\/#primaryimage\",\"url\":\"https:\/\/www.woassteh.com\/files\/wp-content\/uploads\/2023\/06\/dorfer-sl.jpg\",\"contentUrl\":\"https:\/\/www.woassteh.com\/files\/wp-content\/uploads\/2023\/06\/dorfer-sl.jpg\",\"width\":1140,\"height\":395},{\"@type\":\"BreadcrumbList\",\"@id\":\"https:\/\/www.woassteh.com\/files\/alfred-dorfer\/#breadcrumb\",\"itemListElement\":[{\"@type\":\"ListItem\",\"position\":1,\"name\":\"Home\",\"item\":\"https:\/\/www.woassteh.com\/files\/\"},{\"@type\":\"ListItem\",\"position\":2,\"name\":\"Alfred Dorfer\"}]},{\"@type\":\"WebSite\",\"@id\":\"https:\/\/www.woassteh.com\/files\/#website\",\"url\":\"https:\/\/www.woassteh.com\/files\/\",\"name\":\"Kulturverein Wunderlich\",\"description\":\"\",\"potentialAction\":[{\"@type\":\"SearchAction\",\"target\":{\"@type\":\"EntryPoint\",\"urlTemplate\":\"https:\/\/www.woassteh.com\/files\/?s={search_term_string}\"},\"query-input\":{\"@type\":\"PropertyValueSpecification\",\"valueRequired\":true,\"valueName\":\"search_term_string\"}}],\"inLanguage\":\"de\"},{\"@type\":\"Person\",\"@id\":\"https:\/\/www.woassteh.com\/files\/#\/schema\/person\/cb02c7e5a347c23af79cbbaf4b864c1e\",\"name\":\"L\u00f6ffel\",\"image\":{\"@type\":\"ImageObject\",\"inLanguage\":\"de\",\"@id\":\"https:\/\/www.woassteh.com\/files\/#\/schema\/person\/image\/\",\"url\":\"https:\/\/secure.gravatar.com\/avatar\/5d69d4beb2d34f2551535cef1d4d8f85fe886f604857edf12652772fd8010cfc?s=96&d=mm&r=g\",\"contentUrl\":\"https:\/\/secure.gravatar.com\/avatar\/5d69d4beb2d34f2551535cef1d4d8f85fe886f604857edf12652772fd8010cfc?s=96&d=mm&r=g\",\"caption\":\"L\u00f6ffel\"}}]}<\/script>\n<!-- \/ Yoast SEO plugin. -->","yoast_head_json":{"title":"Alfred Dorfer - Kulturverein Wunderlich, Kufstein, Tirol, Kabarett, Konzerte","robots":{"index":"index","follow":"follow","max-snippet":"max-snippet:-1","max-image-preview":"max-image-preview:large","max-video-preview":"max-video-preview:-1"},"canonical":"https:\/\/www.woassteh.com\/files\/alfred-dorfer\/","twitter_misc":{"Verfasst von":"L\u00f6ffel","Gesch\u00e4tzte Lesezeit":"2\u00a0Minuten"},"schema":{"@context":"https:\/\/schema.org","@graph":[{"@type":"Article","@id":"https:\/\/www.woassteh.com\/files\/alfred-dorfer\/#article","isPartOf":{"@id":"https:\/\/www.woassteh.com\/files\/alfred-dorfer\/"},"author":{"name":"L\u00f6ffel","@id":"https:\/\/www.woassteh.com\/files\/#\/schema\/person\/cb02c7e5a347c23af79cbbaf4b864c1e"},"headline":"Alfred Dorfer","datePublished":"2023-06-16T08:35:43+00:00","dateModified":"2023-12-11T08:10:50+00:00","mainEntityOfPage":{"@id":"https:\/\/www.woassteh.com\/files\/alfred-dorfer\/"},"wordCount":235,"image":{"@id":"https:\/\/www.woassteh.com\/files\/alfred-dorfer\/#primaryimage"},"thumbnailUrl":"https:\/\/www.woassteh.com\/files\/wp-content\/uploads\/2023\/06\/dorfer-sl.jpg","articleSection":["Veranstaltungen"],"inLanguage":"de"},{"@type":"WebPage","@id":"https:\/\/www.woassteh.com\/files\/alfred-dorfer\/","url":"https:\/\/www.woassteh.com\/files\/alfred-dorfer\/","name":"Alfred Dorfer - Kulturverein Wunderlich, Kufstein, Tirol, Kabarett, Konzerte","isPartOf":{"@id":"https:\/\/www.woassteh.com\/files\/#website"},"primaryImageOfPage":{"@id":"https:\/\/www.woassteh.com\/files\/alfred-dorfer\/#primaryimage"},"image":{"@id":"https:\/\/www.woassteh.com\/files\/alfred-dorfer\/#primaryimage"},"thumbnailUrl":"https:\/\/www.woassteh.com\/files\/wp-content\/uploads\/2023\/06\/dorfer-sl.jpg","datePublished":"2023-06-16T08:35:43+00:00","dateModified":"2023-12-11T08:10:50+00:00","author":{"@id":"https:\/\/www.woassteh.com\/files\/#\/schema\/person\/cb02c7e5a347c23af79cbbaf4b864c1e"},"breadcrumb":{"@id":"https:\/\/www.woassteh.com\/files\/alfred-dorfer\/#breadcrumb"},"inLanguage":"de","potentialAction":[{"@type":"ReadAction","target":["https:\/\/www.woassteh.com\/files\/alfred-dorfer\/"]}]},{"@type":"ImageObject","inLanguage":"de","@id":"https:\/\/www.woassteh.com\/files\/alfred-dorfer\/#primaryimage","url":"https:\/\/www.woassteh.com\/files\/wp-content\/uploads\/2023\/06\/dorfer-sl.jpg","contentUrl":"https:\/\/www.woassteh.com\/files\/wp-content\/uploads\/2023\/06\/dorfer-sl.jpg","width":1140,"height":395},{"@type":"BreadcrumbList","@id":"https:\/\/www.woassteh.com\/files\/alfred-dorfer\/#breadcrumb","itemListElement":[{"@type":"ListItem","position":1,"name":"Home","item":"https:\/\/www.woassteh.com\/files\/"},{"@type":"ListItem","position":2,"name":"Alfred Dorfer"}]},{"@type":"WebSite","@id":"https:\/\/www.woassteh.com\/files\/#website","url":"https:\/\/www.woassteh.com\/files\/","name":"Kulturverein Wunderlich","description":"","potentialAction":[{"@type":"SearchAction","target":{"@type":"EntryPoint","urlTemplate":"https:\/\/www.woassteh.com\/files\/?s={search_term_string}"},"query-input":{"@type":"PropertyValueSpecification","valueRequired":true,"valueName":"search_term_string"}}],"inLanguage":"de"},{"@type":"Person","@id":"https:\/\/www.woassteh.com\/files\/#\/schema\/person\/cb02c7e5a347c23af79cbbaf4b864c1e","name":"L\u00f6ffel","image":{"@type":"ImageObject","inLanguage":"de","@id":"https:\/\/www.woassteh.com\/files\/#\/schema\/person\/image\/","url":"https:\/\/secure.gravatar.com\/avatar\/5d69d4beb2d34f2551535cef1d4d8f85fe886f604857edf12652772fd8010cfc?s=96&d=mm&r=g","contentUrl":"https:\/\/secure.gravatar.com\/avatar\/5d69d4beb2d34f2551535cef1d4d8f85fe886f604857edf12652772fd8010cfc?s=96&d=mm&r=g","caption":"L\u00f6ffel"}}]}},"_links":{"self":[{"href":"https:\/\/www.woassteh.com\/files\/wp-json\/wp\/v2\/posts\/1613","targetHints":{"allow":["GET"]}}],"collection":[{"href":"https:\/\/www.woassteh.com\/files\/wp-json\/wp\/v2\/posts"}],"about":[{"href":"https:\/\/www.woassteh.com\/files\/wp-json\/wp\/v2\/types\/post"}],"author":[{"embeddable":true,"href":"https:\/\/www.woassteh.com\/files\/wp-json\/wp\/v2\/users\/1"}],"replies":[{"embeddable":true,"href":"https:\/\/www.woassteh.com\/files\/wp-json\/wp\/v2\/comments?post=1613"}],"version-history":[{"count":6,"href":"https:\/\/www.woassteh.com\/files\/wp-json\/wp\/v2\/posts\/1613\/revisions"}],"predecessor-version":[{"id":1630,"href":"https:\/\/www.woassteh.com\/files\/wp-json\/wp\/v2\/posts\/1613\/revisions\/1630"}],"wp:featuredmedia":[{"embeddable":true,"href":"https:\/\/www.woassteh.com\/files\/wp-json\/wp\/v2\/media\/1616"}],"wp:attachment":[{"href":"https:\/\/www.woassteh.com\/files\/wp-json\/wp\/v2\/media?parent=1613"}],"wp:term":[{"taxonomy":"category","embeddable":true,"href":"https:\/\/www.woassteh.com\/files\/wp-json\/wp\/v2\/categories?post=1613"},{"taxonomy":"post_tag","embeddable":true,"href":"https:\/\/www.woassteh.com\/files\/wp-json\/wp\/v2\/tags?post=1613"}],"curies":[{"name":"wp","href":"https:\/\/api.w.org\/{rel}","templated":true}]}}