{"id":1585,"date":"2023-06-16T10:39:26","date_gmt":"2023-06-16T08:39:26","guid":{"rendered":"https:\/\/www.woassteh.com\/files\/?p=1585"},"modified":"2023-10-15T18:52:36","modified_gmt":"2023-10-15T16:52:36","slug":"gerald-fleischhacker","status":"publish","type":"post","link":"https:\/\/www.woassteh.com\/files\/gerald-fleischhacker\/","title":{"rendered":"Gerald Fleischhacker"},"content":{"rendered":"<p><img loading=\"lazy\" decoding=\"async\" class=\"wp-image-1587 size-full alignleft\" src=\"https:\/\/www.woassteh.com\/files\/wp-content\/uploads\/2023\/06\/fleischhacker.jpg\" alt=\"\" width=\"555\" height=\"785\" srcset=\"https:\/\/www.woassteh.com\/files\/wp-content\/uploads\/2023\/06\/fleischhacker.jpg 555w, https:\/\/www.woassteh.com\/files\/wp-content\/uploads\/2023\/06\/fleischhacker-212x300.jpg 212w, https:\/\/www.woassteh.com\/files\/wp-content\/uploads\/2023\/06\/fleischhacker-106x150.jpg 106w, https:\/\/www.woassteh.com\/files\/wp-content\/uploads\/2023\/06\/fleischhacker-332x470.jpg 332w\" sizes=\"auto, (max-width: 555px) 100vw, 555px\" \/><\/p>\n<div class=\"clear\"><\/div>\n<h2><span style=\"color: #e8528f;\">Gerald Fleischhacker<\/span><br \/>\n14. 10. 2023<\/h2>\n<p><strong>&#8222;Am Sand&#8220;, <span style=\"color: #ff0000;\">Kabarett<\/span>, Samstag 20.00 Uhr, Kultur Quartier, Kufstein,<\/strong> <strong>Einlass und Wunderliche Gastronomie 18:30 Uhr, Saaleinlass 19:00 Uhr<\/strong><\/p>\n<p>Diese kleinen K\u00f6rner, die man nach drei Tagen Jesolo \u00fcberall drinnen hat, liegen seit tausenden von Jahren an den sch\u00f6nsten Flecken der Welt. Und denken sich nix dabei. Wobei, genau genommen wissen wir das nicht. Vielleicht denkt er sich doch was, der Sand? Das h\u00e4tte er dann mit dem Fleischhacker gemeinsam. Denn der denkt sich auch so allerhand. Angefangen bei der ungeduldigen Huperei eines Landwirts aus dem ersten Bezirk, \u00fcber die Notwendigkeit von Coaches und Experten f\u00fcr alles: f\u00fcrs Aufr\u00e4umen, f\u00fcrs Gl\u00fccklichsein, f\u00fcrs Atmen, f\u00fcrs Kaffee trinken. Doch auch wiederentdeckte Urlaubsformen nimmt er unter die Lupe. Ganz pers\u00f6nlich und aus eigener Erfahrung. Es bleibt die Frage: Sind wir alle miteinander am Sand oder nur der Fleischhacker? Finden wir\u2019s gemeinsam raus!<\/p>\n<p>Gerald Fleischhacker ist geb\u00fcrtiger Steirer und war knapp 20 Jahre lang Moderator, zuletzt bei \u00d63. Parallel dazu war er f\u00fcr diverse TV-Sender als Moderator, Autor und Konzeptionist t\u00e4tig. \u00bbAm Sand\u00ab ist sein viertes Soloprogramm.<\/p>\n<div class=\"shariff shariff-align-flex-start shariff-widget-align-flex-start\" data-services=\"facebook\" data-url=\"https%3A%2F%2Fwww.woassteh.com%2Ffiles%2Fgerald-fleischhacker%2F\" data-timestamp=\"1697395956\" data-backendurl=\"https:\/\/www.woassteh.com\/files\/wp-json\/shariff\/v1\/share_counts?\"><ul class=\"shariff-buttons theme-default orientation-horizontal buttonsize-medium\"><li class=\"shariff-button facebook shariff-nocustomcolor\" style=\"background-color:#4273c8\"><a href=\"https:\/\/www.facebook.com\/sharer\/sharer.php?u=https%3A%2F%2Fwww.woassteh.com%2Ffiles%2Fgerald-fleischhacker%2F\" title=\"Bei Facebook teilen\" aria-label=\"Bei Facebook teilen\" role=\"button\" rel=\"nofollow\" class=\"shariff-link\" style=\"; background-color:#3b5998; color:#fff\" target=\"_blank\"><span class=\"shariff-icon\" style=\"\"><svg width=\"32px\" height=\"20px\" xmlns=\"http:\/\/www.w3.org\/2000\/svg\" viewBox=\"0 0 18 32\"><path fill=\"#3b5998\" d=\"M17.1 0.2v4.7h-2.8q-1.5 0-2.1 0.6t-0.5 1.9v3.4h5.2l-0.7 5.3h-4.5v13.6h-5.5v-13.6h-4.5v-5.3h4.5v-3.9q0-3.3 1.9-5.2t5-1.8q2.6 0 4.1 0.2z\"\/><\/svg><\/span><span class=\"shariff-text\">teilen<\/span>&nbsp;<\/a><\/li><\/ul><\/div>\n<p><a title=\"\" href=\"https:\/\/www.greenevents-tirol.at\/de\/\"><img loading=\"lazy\" decoding=\"async\" class=\"wp-image-1450 size-full alignleft\" src=\"https:\/\/www.woassteh.com\/files\/wp-content\/uploads\/2021\/12\/green-event-tirol-2022kl.jpg\" alt=\"Green Event Tirol 2022\" width=\"300\" height=\"300\" srcset=\"https:\/\/www.woassteh.com\/files\/wp-content\/uploads\/2021\/12\/green-event-tirol-2022kl.jpg 300w, https:\/\/www.woassteh.com\/files\/wp-content\/uploads\/2021\/12\/green-event-tirol-2022kl-150x150.jpg 150w, https:\/\/www.woassteh.com\/files\/wp-content\/uploads\/2021\/12\/green-event-tirol-2022kl-268x268.jpg 268w\" sizes=\"auto, (max-width: 300px) 100vw, 300px\" \/><\/a><br \/>\n<strong>Barrierefreiheit:<br \/>\n<\/strong>Wenn Sie Fragen zur Barrierefreiheit im Kultur Quartier haben \u2013 Wir sind f\u00fcr Sie da \u2013 Woassteh!!!!!<\/p>\n<p><strong>Kontakt<\/strong>:<br \/>\nChristian Widauer<br \/>\n+43 650 5605 169<br \/>\n<a href=\"mailto:c.widauer@woassteh.com\">c.widauer@woassteh.com<\/a><br \/>\noder direkt auf<br \/>\n<a href=\"https:\/\/kulturquartier.kufstein.at\/de\/wir-sind-fuer-sie-da.html\" target=\"_blank\" rel=\"noopener\">https:\/\/kulturquartier.kufstein.at\/de\/wir-sind-fuer-sie-da.html<\/a><\/p>\n<div class=\"shariff shariff-align-flex-start shariff-widget-align-flex-start\" data-services=\"facebook\" data-url=\"https%3A%2F%2Fwww.woassteh.com%2Ffiles%2Fgerald-fleischhacker%2F\" data-timestamp=\"1697395956\" data-backendurl=\"https:\/\/www.woassteh.com\/files\/wp-json\/shariff\/v1\/share_counts?\"><ul class=\"shariff-buttons theme-default orientation-horizontal buttonsize-medium\"><li class=\"shariff-button facebook shariff-nocustomcolor\" style=\"background-color:#4273c8\"><a href=\"https:\/\/www.facebook.com\/sharer\/sharer.php?u=https%3A%2F%2Fwww.woassteh.com%2Ffiles%2Fgerald-fleischhacker%2F\" title=\"Bei Facebook teilen\" aria-label=\"Bei Facebook teilen\" role=\"button\" rel=\"nofollow\" class=\"shariff-link\" style=\"; background-color:#3b5998; color:#fff\" target=\"_blank\"><span class=\"shariff-icon\" style=\"\"><svg width=\"32px\" height=\"20px\" xmlns=\"http:\/\/www.w3.org\/2000\/svg\" viewBox=\"0 0 18 32\"><path fill=\"#3b5998\" d=\"M17.1 0.2v4.7h-2.8q-1.5 0-2.1 0.6t-0.5 1.9v3.4h5.2l-0.7 5.3h-4.5v13.6h-5.5v-13.6h-4.5v-5.3h4.5v-3.9q0-3.3 1.9-5.2t5-1.8q2.6 0 4.1 0.2z\"\/><\/svg><\/span><span class=\"shariff-text\">teilen<\/span>&nbsp;<\/a><\/li><\/ul><\/div>","protected":false},"excerpt":{"rendered":"<p>Gerald Fleischhacker 14. 10. 2023 &#8222;Am Sand&#8220;, Kabarett, Samstag 20.00 Uhr, Kultur Quartier, Kufstein, Einlass und Wunderliche Gastronomie 18:30 Uhr, Saaleinlass 19:00 Uhr Diese kleinen K\u00f6rner, die man nach drei Tagen Jesolo \u00fcberall drinnen hat, liegen seit tausenden von Jahren an den sch\u00f6nsten Flecken der Welt. Und denken sich nix &#8230;<\/p>\n","protected":false},"author":1,"featured_media":1586,"comment_status":"closed","ping_status":"open","sticky":false,"template":"","format":"standard","meta":{"footnotes":""},"categories":[5],"tags":[],"class_list":["post-1585","post","type-post","status-publish","format-standard","has-post-thumbnail","hentry","category-veranstaltungen","column","threecol","has-thumbnail"],"yoast_head":"<!-- This site is optimized with the Yoast SEO plugin v27.0 - https:\/\/yoast.com\/product\/yoast-seo-wordpress\/ -->\n<title>Gerald Fleischhacker - Kulturverein Wunderlich, Kufstein, Tirol, Kabarett, Konzerte<\/title>\n<meta name=\"robots\" content=\"index, follow, max-snippet:-1, max-image-preview:large, max-video-preview:-1\" \/>\n<link rel=\"canonical\" href=\"https:\/\/www.woassteh.com\/files\/gerald-fleischhacker\/\" \/>\n<meta name=\"twitter:label1\" content=\"Verfasst von\" \/>\n\t<meta name=\"twitter:data1\" content=\"L\u00f6ffel\" \/>\n\t<meta name=\"twitter:label2\" content=\"Gesch\u00e4tzte Lesezeit\" \/>\n\t<meta name=\"twitter:data2\" content=\"2\u00a0Minuten\" \/>\n<script type=\"application\/ld+json\" class=\"yoast-schema-graph\">{\"@context\":\"https:\/\/schema.org\",\"@graph\":[{\"@type\":\"Article\",\"@id\":\"https:\/\/www.woassteh.com\/files\/gerald-fleischhacker\/#article\",\"isPartOf\":{\"@id\":\"https:\/\/www.woassteh.com\/files\/gerald-fleischhacker\/\"},\"author\":{\"name\":\"L\u00f6ffel\",\"@id\":\"https:\/\/www.woassteh.com\/files\/#\/schema\/person\/cb02c7e5a347c23af79cbbaf4b864c1e\"},\"headline\":\"Gerald Fleischhacker\",\"datePublished\":\"2023-06-16T08:39:26+00:00\",\"dateModified\":\"2023-10-15T16:52:36+00:00\",\"mainEntityOfPage\":{\"@id\":\"https:\/\/www.woassteh.com\/files\/gerald-fleischhacker\/\"},\"wordCount\":221,\"image\":{\"@id\":\"https:\/\/www.woassteh.com\/files\/gerald-fleischhacker\/#primaryimage\"},\"thumbnailUrl\":\"https:\/\/www.woassteh.com\/files\/wp-content\/uploads\/2023\/06\/fleischhacker-sl.jpg\",\"articleSection\":[\"Veranstaltungen\"],\"inLanguage\":\"de\"},{\"@type\":\"WebPage\",\"@id\":\"https:\/\/www.woassteh.com\/files\/gerald-fleischhacker\/\",\"url\":\"https:\/\/www.woassteh.com\/files\/gerald-fleischhacker\/\",\"name\":\"Gerald Fleischhacker - Kulturverein Wunderlich, Kufstein, Tirol, Kabarett, Konzerte\",\"isPartOf\":{\"@id\":\"https:\/\/www.woassteh.com\/files\/#website\"},\"primaryImageOfPage\":{\"@id\":\"https:\/\/www.woassteh.com\/files\/gerald-fleischhacker\/#primaryimage\"},\"image\":{\"@id\":\"https:\/\/www.woassteh.com\/files\/gerald-fleischhacker\/#primaryimage\"},\"thumbnailUrl\":\"https:\/\/www.woassteh.com\/files\/wp-content\/uploads\/2023\/06\/fleischhacker-sl.jpg\",\"datePublished\":\"2023-06-16T08:39:26+00:00\",\"dateModified\":\"2023-10-15T16:52:36+00:00\",\"author\":{\"@id\":\"https:\/\/www.woassteh.com\/files\/#\/schema\/person\/cb02c7e5a347c23af79cbbaf4b864c1e\"},\"breadcrumb\":{\"@id\":\"https:\/\/www.woassteh.com\/files\/gerald-fleischhacker\/#breadcrumb\"},\"inLanguage\":\"de\",\"potentialAction\":[{\"@type\":\"ReadAction\",\"target\":[\"https:\/\/www.woassteh.com\/files\/gerald-fleischhacker\/\"]}]},{\"@type\":\"ImageObject\",\"inLanguage\":\"de\",\"@id\":\"https:\/\/www.woassteh.com\/files\/gerald-fleischhacker\/#primaryimage\",\"url\":\"https:\/\/www.woassteh.com\/files\/wp-content\/uploads\/2023\/06\/fleischhacker-sl.jpg\",\"contentUrl\":\"https:\/\/www.woassteh.com\/files\/wp-content\/uploads\/2023\/06\/fleischhacker-sl.jpg\",\"width\":1140,\"height\":395},{\"@type\":\"BreadcrumbList\",\"@id\":\"https:\/\/www.woassteh.com\/files\/gerald-fleischhacker\/#breadcrumb\",\"itemListElement\":[{\"@type\":\"ListItem\",\"position\":1,\"name\":\"Home\",\"item\":\"https:\/\/www.woassteh.com\/files\/\"},{\"@type\":\"ListItem\",\"position\":2,\"name\":\"Gerald Fleischhacker\"}]},{\"@type\":\"WebSite\",\"@id\":\"https:\/\/www.woassteh.com\/files\/#website\",\"url\":\"https:\/\/www.woassteh.com\/files\/\",\"name\":\"Kulturverein Wunderlich\",\"description\":\"\",\"potentialAction\":[{\"@type\":\"SearchAction\",\"target\":{\"@type\":\"EntryPoint\",\"urlTemplate\":\"https:\/\/www.woassteh.com\/files\/?s={search_term_string}\"},\"query-input\":{\"@type\":\"PropertyValueSpecification\",\"valueRequired\":true,\"valueName\":\"search_term_string\"}}],\"inLanguage\":\"de\"},{\"@type\":\"Person\",\"@id\":\"https:\/\/www.woassteh.com\/files\/#\/schema\/person\/cb02c7e5a347c23af79cbbaf4b864c1e\",\"name\":\"L\u00f6ffel\",\"image\":{\"@type\":\"ImageObject\",\"inLanguage\":\"de\",\"@id\":\"https:\/\/www.woassteh.com\/files\/#\/schema\/person\/image\/\",\"url\":\"https:\/\/secure.gravatar.com\/avatar\/5d69d4beb2d34f2551535cef1d4d8f85fe886f604857edf12652772fd8010cfc?s=96&d=mm&r=g\",\"contentUrl\":\"https:\/\/secure.gravatar.com\/avatar\/5d69d4beb2d34f2551535cef1d4d8f85fe886f604857edf12652772fd8010cfc?s=96&d=mm&r=g\",\"caption\":\"L\u00f6ffel\"}}]}<\/script>\n<!-- \/ Yoast SEO plugin. -->","yoast_head_json":{"title":"Gerald Fleischhacker - Kulturverein Wunderlich, Kufstein, Tirol, Kabarett, Konzerte","robots":{"index":"index","follow":"follow","max-snippet":"max-snippet:-1","max-image-preview":"max-image-preview:large","max-video-preview":"max-video-preview:-1"},"canonical":"https:\/\/www.woassteh.com\/files\/gerald-fleischhacker\/","twitter_misc":{"Verfasst von":"L\u00f6ffel","Gesch\u00e4tzte Lesezeit":"2\u00a0Minuten"},"schema":{"@context":"https:\/\/schema.org","@graph":[{"@type":"Article","@id":"https:\/\/www.woassteh.com\/files\/gerald-fleischhacker\/#article","isPartOf":{"@id":"https:\/\/www.woassteh.com\/files\/gerald-fleischhacker\/"},"author":{"name":"L\u00f6ffel","@id":"https:\/\/www.woassteh.com\/files\/#\/schema\/person\/cb02c7e5a347c23af79cbbaf4b864c1e"},"headline":"Gerald Fleischhacker","datePublished":"2023-06-16T08:39:26+00:00","dateModified":"2023-10-15T16:52:36+00:00","mainEntityOfPage":{"@id":"https:\/\/www.woassteh.com\/files\/gerald-fleischhacker\/"},"wordCount":221,"image":{"@id":"https:\/\/www.woassteh.com\/files\/gerald-fleischhacker\/#primaryimage"},"thumbnailUrl":"https:\/\/www.woassteh.com\/files\/wp-content\/uploads\/2023\/06\/fleischhacker-sl.jpg","articleSection":["Veranstaltungen"],"inLanguage":"de"},{"@type":"WebPage","@id":"https:\/\/www.woassteh.com\/files\/gerald-fleischhacker\/","url":"https:\/\/www.woassteh.com\/files\/gerald-fleischhacker\/","name":"Gerald Fleischhacker - Kulturverein Wunderlich, Kufstein, Tirol, Kabarett, Konzerte","isPartOf":{"@id":"https:\/\/www.woassteh.com\/files\/#website"},"primaryImageOfPage":{"@id":"https:\/\/www.woassteh.com\/files\/gerald-fleischhacker\/#primaryimage"},"image":{"@id":"https:\/\/www.woassteh.com\/files\/gerald-fleischhacker\/#primaryimage"},"thumbnailUrl":"https:\/\/www.woassteh.com\/files\/wp-content\/uploads\/2023\/06\/fleischhacker-sl.jpg","datePublished":"2023-06-16T08:39:26+00:00","dateModified":"2023-10-15T16:52:36+00:00","author":{"@id":"https:\/\/www.woassteh.com\/files\/#\/schema\/person\/cb02c7e5a347c23af79cbbaf4b864c1e"},"breadcrumb":{"@id":"https:\/\/www.woassteh.com\/files\/gerald-fleischhacker\/#breadcrumb"},"inLanguage":"de","potentialAction":[{"@type":"ReadAction","target":["https:\/\/www.woassteh.com\/files\/gerald-fleischhacker\/"]}]},{"@type":"ImageObject","inLanguage":"de","@id":"https:\/\/www.woassteh.com\/files\/gerald-fleischhacker\/#primaryimage","url":"https:\/\/www.woassteh.com\/files\/wp-content\/uploads\/2023\/06\/fleischhacker-sl.jpg","contentUrl":"https:\/\/www.woassteh.com\/files\/wp-content\/uploads\/2023\/06\/fleischhacker-sl.jpg","width":1140,"height":395},{"@type":"BreadcrumbList","@id":"https:\/\/www.woassteh.com\/files\/gerald-fleischhacker\/#breadcrumb","itemListElement":[{"@type":"ListItem","position":1,"name":"Home","item":"https:\/\/www.woassteh.com\/files\/"},{"@type":"ListItem","position":2,"name":"Gerald Fleischhacker"}]},{"@type":"WebSite","@id":"https:\/\/www.woassteh.com\/files\/#website","url":"https:\/\/www.woassteh.com\/files\/","name":"Kulturverein Wunderlich","description":"","potentialAction":[{"@type":"SearchAction","target":{"@type":"EntryPoint","urlTemplate":"https:\/\/www.woassteh.com\/files\/?s={search_term_string}"},"query-input":{"@type":"PropertyValueSpecification","valueRequired":true,"valueName":"search_term_string"}}],"inLanguage":"de"},{"@type":"Person","@id":"https:\/\/www.woassteh.com\/files\/#\/schema\/person\/cb02c7e5a347c23af79cbbaf4b864c1e","name":"L\u00f6ffel","image":{"@type":"ImageObject","inLanguage":"de","@id":"https:\/\/www.woassteh.com\/files\/#\/schema\/person\/image\/","url":"https:\/\/secure.gravatar.com\/avatar\/5d69d4beb2d34f2551535cef1d4d8f85fe886f604857edf12652772fd8010cfc?s=96&d=mm&r=g","contentUrl":"https:\/\/secure.gravatar.com\/avatar\/5d69d4beb2d34f2551535cef1d4d8f85fe886f604857edf12652772fd8010cfc?s=96&d=mm&r=g","caption":"L\u00f6ffel"}}]}},"_links":{"self":[{"href":"https:\/\/www.woassteh.com\/files\/wp-json\/wp\/v2\/posts\/1585","targetHints":{"allow":["GET"]}}],"collection":[{"href":"https:\/\/www.woassteh.com\/files\/wp-json\/wp\/v2\/posts"}],"about":[{"href":"https:\/\/www.woassteh.com\/files\/wp-json\/wp\/v2\/types\/post"}],"author":[{"embeddable":true,"href":"https:\/\/www.woassteh.com\/files\/wp-json\/wp\/v2\/users\/1"}],"replies":[{"embeddable":true,"href":"https:\/\/www.woassteh.com\/files\/wp-json\/wp\/v2\/comments?post=1585"}],"version-history":[{"count":9,"href":"https:\/\/www.woassteh.com\/files\/wp-json\/wp\/v2\/posts\/1585\/revisions"}],"predecessor-version":[{"id":1632,"href":"https:\/\/www.woassteh.com\/files\/wp-json\/wp\/v2\/posts\/1585\/revisions\/1632"}],"wp:featuredmedia":[{"embeddable":true,"href":"https:\/\/www.woassteh.com\/files\/wp-json\/wp\/v2\/media\/1586"}],"wp:attachment":[{"href":"https:\/\/www.woassteh.com\/files\/wp-json\/wp\/v2\/media?parent=1585"}],"wp:term":[{"taxonomy":"category","embeddable":true,"href":"https:\/\/www.woassteh.com\/files\/wp-json\/wp\/v2\/categories?post=1585"},{"taxonomy":"post_tag","embeddable":true,"href":"https:\/\/www.woassteh.com\/files\/wp-json\/wp\/v2\/tags?post=1585"}],"curies":[{"name":"wp","href":"https:\/\/api.w.org\/{rel}","templated":true}]}}