{"id":1562,"date":"2023-06-16T10:43:51","date_gmt":"2023-06-16T08:43:51","guid":{"rendered":"https:\/\/www.woassteh.com\/files\/?p=1562"},"modified":"2023-07-07T11:29:51","modified_gmt":"2023-07-07T09:29:51","slug":"aida-loos","status":"publish","type":"post","link":"https:\/\/www.woassteh.com\/files\/aida-loos\/","title":{"rendered":"Aida Loos"},"content":{"rendered":"<h2><span style=\"color: #ffc100;\"><img loading=\"lazy\" decoding=\"async\" class=\"size-full wp-image-1566 alignleft\" src=\"https:\/\/www.woassteh.com\/files\/wp-content\/uploads\/2023\/06\/aida-loos.jpg\" alt=\"\" width=\"555\" height=\"364\" srcset=\"https:\/\/www.woassteh.com\/files\/wp-content\/uploads\/2023\/06\/aida-loos.jpg 555w, https:\/\/www.woassteh.com\/files\/wp-content\/uploads\/2023\/06\/aida-loos-300x197.jpg 300w, https:\/\/www.woassteh.com\/files\/wp-content\/uploads\/2023\/06\/aida-loos-150x98.jpg 150w, https:\/\/www.woassteh.com\/files\/wp-content\/uploads\/2023\/06\/aida-loos-332x218.jpg 332w\" sizes=\"auto, (max-width: 555px) 100vw, 555px\" \/>Aida Loos<\/span><br \/>\n24. 06. 2023<\/h2>\n<p><strong>&#8222;Arbeitsloos&#8220;, <span style=\"color: #ff0000;\">Kabarett,<\/span> Samstag 20.00 Uhr, Kulturfabrik Kufstein,<\/strong><strong> Einlass und Wunderliche Gastronomie 18:30 Uhr, Saaleinlass 19:00 Uhr<br \/>\n<\/strong><\/p>\n<p>Aida Loos war kurz vor ihrem Durchbruch, doch dann kam Corona. Jetzt ist sie arbeitsloos und wird vom AMS als Servierkraft in die Aida am Stephansplatz vermittelt. Doch der richtige Durchbruch folgte. Nur wenige Minuten h\u00e4tten gefehlt, und sie w\u00e4re an einem Darmdurchbruch gestorben. In echt.<\/p>\n<p>So eine Geschichte auf der B\u00fchne zu erz\u00e4hlen, dazu braucht es Mut. Und den beweist die \u00bbQuartalsgrantlerin und Gelegenheitsdepressive\u00ab, in dem sie offen aus ihrem Leben erz\u00e4hlt, \u00f6sterreichische Politiker und Stars wie Kate Middleton und Meghan Markle parodiert und ganz viele Gedanken ohne Hemmung mit ihrem Publikum teilt.<\/p>\n<p><em>\u00bbIhr Humor ist zwar boshaft, aber fein.\u00ab<\/em> Wiener Zeitung<\/p>\n<p>In Arbeitsloos parodiert sie haupts\u00e4chlich die G\u00e4ste und gibt Kaffeehausdiaolge zum Besten. Es ist eine Melange aus dem, was war, was ist und was sein k\u00f6nnte, wenn man die Dinge durch die zuckerlrosane Brille sehen w\u00fcrde.<\/p>\n<p><a href=\"http:\/\/www.aidaloos.com\/\" target=\"_blank\" rel=\"noopener\">www.aidaloos.com<\/a><\/p>\n<div class=\"shariff shariff-align-flex-start shariff-widget-align-flex-start\" data-services=\"facebook\" data-url=\"https%3A%2F%2Fwww.woassteh.com%2Ffiles%2Faida-loos%2F\" data-timestamp=\"1688729391\" data-backendurl=\"https:\/\/www.woassteh.com\/files\/wp-json\/shariff\/v1\/share_counts?\"><ul class=\"shariff-buttons theme-default orientation-horizontal buttonsize-medium\"><li class=\"shariff-button facebook shariff-nocustomcolor\" style=\"background-color:#4273c8\"><a href=\"https:\/\/www.facebook.com\/sharer\/sharer.php?u=https%3A%2F%2Fwww.woassteh.com%2Ffiles%2Faida-loos%2F\" title=\"Bei Facebook teilen\" aria-label=\"Bei Facebook teilen\" role=\"button\" rel=\"nofollow\" class=\"shariff-link\" style=\"; background-color:#3b5998; color:#fff\" target=\"_blank\"><span class=\"shariff-icon\" style=\"\"><svg width=\"32px\" height=\"20px\" xmlns=\"http:\/\/www.w3.org\/2000\/svg\" viewBox=\"0 0 18 32\"><path fill=\"#3b5998\" d=\"M17.1 0.2v4.7h-2.8q-1.5 0-2.1 0.6t-0.5 1.9v3.4h5.2l-0.7 5.3h-4.5v13.6h-5.5v-13.6h-4.5v-5.3h4.5v-3.9q0-3.3 1.9-5.2t5-1.8q2.6 0 4.1 0.2z\"\/><\/svg><\/span><span class=\"shariff-text\">teilen<\/span>&nbsp;<\/a><\/li><\/ul><\/div>\n<div class=\"shariff shariff-align-flex-start shariff-widget-align-flex-start\" data-services=\"facebook\" data-url=\"https%3A%2F%2Fwww.woassteh.com%2Ffiles%2Faida-loos%2F\" data-timestamp=\"1688729391\" data-backendurl=\"https:\/\/www.woassteh.com\/files\/wp-json\/shariff\/v1\/share_counts?\"><ul class=\"shariff-buttons theme-default orientation-horizontal buttonsize-medium\"><li class=\"shariff-button facebook shariff-nocustomcolor\" style=\"background-color:#4273c8\"><a href=\"https:\/\/www.facebook.com\/sharer\/sharer.php?u=https%3A%2F%2Fwww.woassteh.com%2Ffiles%2Faida-loos%2F\" title=\"Bei Facebook teilen\" aria-label=\"Bei Facebook teilen\" role=\"button\" rel=\"nofollow\" class=\"shariff-link\" style=\"; background-color:#3b5998; color:#fff\" target=\"_blank\"><span class=\"shariff-icon\" style=\"\"><svg width=\"32px\" height=\"20px\" xmlns=\"http:\/\/www.w3.org\/2000\/svg\" viewBox=\"0 0 18 32\"><path fill=\"#3b5998\" d=\"M17.1 0.2v4.7h-2.8q-1.5 0-2.1 0.6t-0.5 1.9v3.4h5.2l-0.7 5.3h-4.5v13.6h-5.5v-13.6h-4.5v-5.3h4.5v-3.9q0-3.3 1.9-5.2t5-1.8q2.6 0 4.1 0.2z\"\/><\/svg><\/span><span class=\"shariff-text\">teilen<\/span>&nbsp;<\/a><\/li><\/ul><\/div>","protected":false},"excerpt":{"rendered":"<p>Aida Loos 24. 06. 2023 &#8222;Arbeitsloos&#8220;, Kabarett, Samstag 20.00 Uhr, Kulturfabrik Kufstein, Einlass und Wunderliche Gastronomie 18:30 Uhr, Saaleinlass 19:00 Uhr Aida Loos war kurz vor ihrem Durchbruch, doch dann kam Corona. Jetzt ist sie arbeitsloos und wird vom AMS als Servierkraft in die Aida am Stephansplatz vermittelt. Doch der &#8230;<\/p>\n","protected":false},"author":1,"featured_media":1563,"comment_status":"closed","ping_status":"open","sticky":false,"template":"","format":"standard","meta":{"footnotes":""},"categories":[5],"tags":[],"class_list":["post-1562","post","type-post","status-publish","format-standard","has-post-thumbnail","hentry","category-veranstaltungen","column","threecol","has-thumbnail"],"yoast_head":"<!-- This site is optimized with the Yoast SEO plugin v27.0 - https:\/\/yoast.com\/product\/yoast-seo-wordpress\/ -->\n<title>Aida Loos - Kulturverein Wunderlich, Kufstein, Tirol, Kabarett, Konzerte<\/title>\n<meta name=\"robots\" content=\"index, follow, max-snippet:-1, max-image-preview:large, max-video-preview:-1\" \/>\n<link rel=\"canonical\" href=\"https:\/\/www.woassteh.com\/files\/aida-loos\/\" \/>\n<meta name=\"twitter:label1\" content=\"Verfasst von\" \/>\n\t<meta name=\"twitter:data1\" content=\"L\u00f6ffel\" \/>\n\t<meta name=\"twitter:label2\" content=\"Gesch\u00e4tzte Lesezeit\" \/>\n\t<meta name=\"twitter:data2\" content=\"2\u00a0Minuten\" \/>\n<script type=\"application\/ld+json\" class=\"yoast-schema-graph\">{\"@context\":\"https:\/\/schema.org\",\"@graph\":[{\"@type\":\"Article\",\"@id\":\"https:\/\/www.woassteh.com\/files\/aida-loos\/#article\",\"isPartOf\":{\"@id\":\"https:\/\/www.woassteh.com\/files\/aida-loos\/\"},\"author\":{\"name\":\"L\u00f6ffel\",\"@id\":\"https:\/\/www.woassteh.com\/files\/#\/schema\/person\/cb02c7e5a347c23af79cbbaf4b864c1e\"},\"headline\":\"Aida Loos\",\"datePublished\":\"2023-06-16T08:43:51+00:00\",\"dateModified\":\"2023-07-07T09:29:51+00:00\",\"mainEntityOfPage\":{\"@id\":\"https:\/\/www.woassteh.com\/files\/aida-loos\/\"},\"wordCount\":169,\"image\":{\"@id\":\"https:\/\/www.woassteh.com\/files\/aida-loos\/#primaryimage\"},\"thumbnailUrl\":\"https:\/\/www.woassteh.com\/files\/wp-content\/uploads\/2023\/06\/aida-loos-sl.jpg\",\"articleSection\":[\"Veranstaltungen\"],\"inLanguage\":\"de\"},{\"@type\":\"WebPage\",\"@id\":\"https:\/\/www.woassteh.com\/files\/aida-loos\/\",\"url\":\"https:\/\/www.woassteh.com\/files\/aida-loos\/\",\"name\":\"Aida Loos - Kulturverein Wunderlich, Kufstein, Tirol, Kabarett, Konzerte\",\"isPartOf\":{\"@id\":\"https:\/\/www.woassteh.com\/files\/#website\"},\"primaryImageOfPage\":{\"@id\":\"https:\/\/www.woassteh.com\/files\/aida-loos\/#primaryimage\"},\"image\":{\"@id\":\"https:\/\/www.woassteh.com\/files\/aida-loos\/#primaryimage\"},\"thumbnailUrl\":\"https:\/\/www.woassteh.com\/files\/wp-content\/uploads\/2023\/06\/aida-loos-sl.jpg\",\"datePublished\":\"2023-06-16T08:43:51+00:00\",\"dateModified\":\"2023-07-07T09:29:51+00:00\",\"author\":{\"@id\":\"https:\/\/www.woassteh.com\/files\/#\/schema\/person\/cb02c7e5a347c23af79cbbaf4b864c1e\"},\"breadcrumb\":{\"@id\":\"https:\/\/www.woassteh.com\/files\/aida-loos\/#breadcrumb\"},\"inLanguage\":\"de\",\"potentialAction\":[{\"@type\":\"ReadAction\",\"target\":[\"https:\/\/www.woassteh.com\/files\/aida-loos\/\"]}]},{\"@type\":\"ImageObject\",\"inLanguage\":\"de\",\"@id\":\"https:\/\/www.woassteh.com\/files\/aida-loos\/#primaryimage\",\"url\":\"https:\/\/www.woassteh.com\/files\/wp-content\/uploads\/2023\/06\/aida-loos-sl.jpg\",\"contentUrl\":\"https:\/\/www.woassteh.com\/files\/wp-content\/uploads\/2023\/06\/aida-loos-sl.jpg\",\"width\":1140,\"height\":395},{\"@type\":\"BreadcrumbList\",\"@id\":\"https:\/\/www.woassteh.com\/files\/aida-loos\/#breadcrumb\",\"itemListElement\":[{\"@type\":\"ListItem\",\"position\":1,\"name\":\"Home\",\"item\":\"https:\/\/www.woassteh.com\/files\/\"},{\"@type\":\"ListItem\",\"position\":2,\"name\":\"Aida Loos\"}]},{\"@type\":\"WebSite\",\"@id\":\"https:\/\/www.woassteh.com\/files\/#website\",\"url\":\"https:\/\/www.woassteh.com\/files\/\",\"name\":\"Kulturverein Wunderlich\",\"description\":\"\",\"potentialAction\":[{\"@type\":\"SearchAction\",\"target\":{\"@type\":\"EntryPoint\",\"urlTemplate\":\"https:\/\/www.woassteh.com\/files\/?s={search_term_string}\"},\"query-input\":{\"@type\":\"PropertyValueSpecification\",\"valueRequired\":true,\"valueName\":\"search_term_string\"}}],\"inLanguage\":\"de\"},{\"@type\":\"Person\",\"@id\":\"https:\/\/www.woassteh.com\/files\/#\/schema\/person\/cb02c7e5a347c23af79cbbaf4b864c1e\",\"name\":\"L\u00f6ffel\",\"image\":{\"@type\":\"ImageObject\",\"inLanguage\":\"de\",\"@id\":\"https:\/\/www.woassteh.com\/files\/#\/schema\/person\/image\/\",\"url\":\"https:\/\/secure.gravatar.com\/avatar\/5d69d4beb2d34f2551535cef1d4d8f85fe886f604857edf12652772fd8010cfc?s=96&d=mm&r=g\",\"contentUrl\":\"https:\/\/secure.gravatar.com\/avatar\/5d69d4beb2d34f2551535cef1d4d8f85fe886f604857edf12652772fd8010cfc?s=96&d=mm&r=g\",\"caption\":\"L\u00f6ffel\"}}]}<\/script>\n<!-- \/ Yoast SEO plugin. -->","yoast_head_json":{"title":"Aida Loos - Kulturverein Wunderlich, Kufstein, Tirol, Kabarett, Konzerte","robots":{"index":"index","follow":"follow","max-snippet":"max-snippet:-1","max-image-preview":"max-image-preview:large","max-video-preview":"max-video-preview:-1"},"canonical":"https:\/\/www.woassteh.com\/files\/aida-loos\/","twitter_misc":{"Verfasst von":"L\u00f6ffel","Gesch\u00e4tzte Lesezeit":"2\u00a0Minuten"},"schema":{"@context":"https:\/\/schema.org","@graph":[{"@type":"Article","@id":"https:\/\/www.woassteh.com\/files\/aida-loos\/#article","isPartOf":{"@id":"https:\/\/www.woassteh.com\/files\/aida-loos\/"},"author":{"name":"L\u00f6ffel","@id":"https:\/\/www.woassteh.com\/files\/#\/schema\/person\/cb02c7e5a347c23af79cbbaf4b864c1e"},"headline":"Aida Loos","datePublished":"2023-06-16T08:43:51+00:00","dateModified":"2023-07-07T09:29:51+00:00","mainEntityOfPage":{"@id":"https:\/\/www.woassteh.com\/files\/aida-loos\/"},"wordCount":169,"image":{"@id":"https:\/\/www.woassteh.com\/files\/aida-loos\/#primaryimage"},"thumbnailUrl":"https:\/\/www.woassteh.com\/files\/wp-content\/uploads\/2023\/06\/aida-loos-sl.jpg","articleSection":["Veranstaltungen"],"inLanguage":"de"},{"@type":"WebPage","@id":"https:\/\/www.woassteh.com\/files\/aida-loos\/","url":"https:\/\/www.woassteh.com\/files\/aida-loos\/","name":"Aida Loos - Kulturverein Wunderlich, Kufstein, Tirol, Kabarett, Konzerte","isPartOf":{"@id":"https:\/\/www.woassteh.com\/files\/#website"},"primaryImageOfPage":{"@id":"https:\/\/www.woassteh.com\/files\/aida-loos\/#primaryimage"},"image":{"@id":"https:\/\/www.woassteh.com\/files\/aida-loos\/#primaryimage"},"thumbnailUrl":"https:\/\/www.woassteh.com\/files\/wp-content\/uploads\/2023\/06\/aida-loos-sl.jpg","datePublished":"2023-06-16T08:43:51+00:00","dateModified":"2023-07-07T09:29:51+00:00","author":{"@id":"https:\/\/www.woassteh.com\/files\/#\/schema\/person\/cb02c7e5a347c23af79cbbaf4b864c1e"},"breadcrumb":{"@id":"https:\/\/www.woassteh.com\/files\/aida-loos\/#breadcrumb"},"inLanguage":"de","potentialAction":[{"@type":"ReadAction","target":["https:\/\/www.woassteh.com\/files\/aida-loos\/"]}]},{"@type":"ImageObject","inLanguage":"de","@id":"https:\/\/www.woassteh.com\/files\/aida-loos\/#primaryimage","url":"https:\/\/www.woassteh.com\/files\/wp-content\/uploads\/2023\/06\/aida-loos-sl.jpg","contentUrl":"https:\/\/www.woassteh.com\/files\/wp-content\/uploads\/2023\/06\/aida-loos-sl.jpg","width":1140,"height":395},{"@type":"BreadcrumbList","@id":"https:\/\/www.woassteh.com\/files\/aida-loos\/#breadcrumb","itemListElement":[{"@type":"ListItem","position":1,"name":"Home","item":"https:\/\/www.woassteh.com\/files\/"},{"@type":"ListItem","position":2,"name":"Aida Loos"}]},{"@type":"WebSite","@id":"https:\/\/www.woassteh.com\/files\/#website","url":"https:\/\/www.woassteh.com\/files\/","name":"Kulturverein Wunderlich","description":"","potentialAction":[{"@type":"SearchAction","target":{"@type":"EntryPoint","urlTemplate":"https:\/\/www.woassteh.com\/files\/?s={search_term_string}"},"query-input":{"@type":"PropertyValueSpecification","valueRequired":true,"valueName":"search_term_string"}}],"inLanguage":"de"},{"@type":"Person","@id":"https:\/\/www.woassteh.com\/files\/#\/schema\/person\/cb02c7e5a347c23af79cbbaf4b864c1e","name":"L\u00f6ffel","image":{"@type":"ImageObject","inLanguage":"de","@id":"https:\/\/www.woassteh.com\/files\/#\/schema\/person\/image\/","url":"https:\/\/secure.gravatar.com\/avatar\/5d69d4beb2d34f2551535cef1d4d8f85fe886f604857edf12652772fd8010cfc?s=96&d=mm&r=g","contentUrl":"https:\/\/secure.gravatar.com\/avatar\/5d69d4beb2d34f2551535cef1d4d8f85fe886f604857edf12652772fd8010cfc?s=96&d=mm&r=g","caption":"L\u00f6ffel"}}]}},"_links":{"self":[{"href":"https:\/\/www.woassteh.com\/files\/wp-json\/wp\/v2\/posts\/1562","targetHints":{"allow":["GET"]}}],"collection":[{"href":"https:\/\/www.woassteh.com\/files\/wp-json\/wp\/v2\/posts"}],"about":[{"href":"https:\/\/www.woassteh.com\/files\/wp-json\/wp\/v2\/types\/post"}],"author":[{"embeddable":true,"href":"https:\/\/www.woassteh.com\/files\/wp-json\/wp\/v2\/users\/1"}],"replies":[{"embeddable":true,"href":"https:\/\/www.woassteh.com\/files\/wp-json\/wp\/v2\/comments?post=1562"}],"version-history":[{"count":1,"href":"https:\/\/www.woassteh.com\/files\/wp-json\/wp\/v2\/posts\/1562\/revisions"}],"predecessor-version":[{"id":1571,"href":"https:\/\/www.woassteh.com\/files\/wp-json\/wp\/v2\/posts\/1562\/revisions\/1571"}],"wp:featuredmedia":[{"embeddable":true,"href":"https:\/\/www.woassteh.com\/files\/wp-json\/wp\/v2\/media\/1563"}],"wp:attachment":[{"href":"https:\/\/www.woassteh.com\/files\/wp-json\/wp\/v2\/media?parent=1562"}],"wp:term":[{"taxonomy":"category","embeddable":true,"href":"https:\/\/www.woassteh.com\/files\/wp-json\/wp\/v2\/categories?post=1562"},{"taxonomy":"post_tag","embeddable":true,"href":"https:\/\/www.woassteh.com\/files\/wp-json\/wp\/v2\/tags?post=1562"}],"curies":[{"name":"wp","href":"https:\/\/api.w.org\/{rel}","templated":true}]}}